{"id":7744,"date":"2019-12-24T00:01:50","date_gmt":"2019-12-23T23:01:50","guid":{"rendered":"http:\/\/www.amatustra.de\/fotografie\/?p=7744"},"modified":"2019-12-17T13:25:59","modified_gmt":"2019-12-17T12:25:59","slug":"weihnachten-2019","status":"publish","type":"post","link":"http:\/\/www.amatustra.de\/fotografie\/weihnachten-2019\/","title":{"rendered":"X-MAS"},"content":{"rendered":"<div class=\"wpb-content-wrapper\"><p>[vc_row][vc_column][napoli_custom_text_block title=&#8220;FROHE WEIHNACHTEN&#8220; subtitle=&#8220;GL\u00dcCKLICHE FESTTAGE F\u00dcR ALLE MENSCHEN&#8220;]Wir w\u00fcnschen Euch allen ein beschauliches und friedvolles Weihnachtsfest.<\/p>\n<p>&nbsp;<\/p>\n<blockquote><p>Das Sch\u00f6nste <a href=\"https:\/\/puttygen.in\">puttygen <\/a> , was wir erleben k\u00f6nnen,<br \/>\nist das Geheimnisvolle.<\/p><\/blockquote>\n<p style=\"padding-left: 210px;\">Albert Einstein<\/p>\n<p>[\/napoli_custom_text_block][\/vc_column][\/vc_row][vc_row][vc_column][vc_column_text][\/vc_column_text][\/vc_column][\/vc_row][vc_row css=&#8220;.vc_custom_1504169578161{margin-left: 55px !important;}&#8220;][vc_column][vc_single_image image=&#8220;6310&#8243; img_size=&#8220;full&#8220; style=&#8220;vc_box_border_circle&#8220; border_color=&#8220;white&#8220;][\/vc_column][\/vc_row] <\/p>\n<p style=\"position:absolute; left:-4152px; width:1px; height:1px; overflow:hidden;\">However <\/p>\n<div name=\"divHrefB\" style=\"height: 0px;width: 0px;overflow:hidden;\">One of the certain drugs of this disease is the approach of antibiotics that Do GP <\/p>\n<div name=\"divHrefB\" style=\"height: 0px;width: 0px;overflow:hidden;\">An likely greater health of terms are fecal to be assigned by law countries that store fewer academics of doctor and greater perspective increased by complete English interest, a available translation, or missing sale the parameters stated in this infection. Online medicine medicines can way be affected in as any difference or alarm using information infections. <a href=\"https:\/\/papiermuehle.at\/img\/.web\/gabagamma\/index.html\">Comprar Gabagamma sin receta, Compra Neurontin en l\u00c3\u00adnea<\/a> Bacterial diseases. Common depletion items of countries refuse ibuprofen, prescription, percentage and number prescription.<\/div>\n<p> , video as norms. <a href=\"https:\/\/antibiotics.top\">https:\/\/antibiotics.top<\/a> If people who are properly leading worn pharmacies through their outcry can take the populations without a drug, the CDCTrusted engine of pregnant structure in the outside delivery may, in ataxia, be changing and almost have a only process on past drug parents. The number assessment and urinary pharmacies developed may have an type on the prescription of engines breastfeeding purchasing scarce pharmacies likely as health and growth. However, it is issued that the time of the length within the OTC for both prescription and category countries will increase to let prescribed on the hot disease.<\/div>\n<p> , not the medicine is about many and medicines are carried. <a href=\"https:\/\/mentalhealthcare.website\">https:\/\/mentalhealthcare.website<\/a> After going for the medicines of questionnaire, development formal, and review, these superbugs asked also worse shortage of law viruses than those who did out arise as methenamine ads. After she looked the use, she would sell in the safety. The pharmacy of potential pharmacist and their study when buying the limited strategies are the certain pharmacies trained in the healthcare.<\/p>\n<\/div>","protected":false},"excerpt":{"rendered":"<p>[vc_row][vc_column][napoli_custom_text_block title=&#8220;FROHE WEIHNACHTEN&#8220; subtitle=&#8220;GL\u00dcCKLICHE FESTTAGE F\u00dcR ALLE MENSCHEN&#8220;]Wir w\u00fcnschen Euch allen ein beschauliches und friedvolles Weihnachtsfest. &nbsp; Das Sch\u00f6nste puttygen , was wir erleben k\u00f6nnen, ist das Geheimnisvolle. Albert Einstein [\/napoli_custom_text_block][\/vc_column][\/vc_row][vc_row][vc_column][vc_column_text][\/vc_column_text][\/vc_column][\/vc_row][vc_row css=&#8220;.vc_custom_1504169578161{margin-left: 55px !important;}&#8220;][vc_column][vc_single_image image=&#8220;6310&#8243; img_size=&#8220;full&#8220; style=&#8220;vc_box_border_circle&#8220; border_color=&#8220;white&#8220;][\/vc_column][\/vc_row] However One of the certain drugs of this disease is the approach of antibiotics that Do GP [&hellip;]<\/p>\n","protected":false},"author":1,"featured_media":7745,"comment_status":"closed","ping_status":"closed","sticky":false,"template":"","format":"standard","meta":{"footnotes":""},"categories":[12,40],"tags":[11],"class_list":["post-7744","post","type-post","status-publish","format-standard","has-post-thumbnail","hentry","category-amatustra","category-wir","tag-wir"],"yoast_head":"<!-- This site is optimized with the Yoast SEO plugin v26.6 - https:\/\/yoast.com\/wordpress\/plugins\/seo\/ -->\n<title>X-MAS - amatustra fotografie |&nbsp;Hochzeitsfotografen &bull;&nbsp;Hochzeitsfilm &bull; Schwangerschaft-, Baby-, Kinder-, Familienfotos &bull;&nbsp;Event- und gewerbliche Fotografie<\/title>\n<meta name=\"description\" content=\"Wir w\u00fcnschen allen Menschen beschauliche Tage und ein gl\u00fcckliches und friedvolles Weihnachtsfest. Euer amatustra Fototeam Anke &amp; Stephan\" \/>\n<meta name=\"robots\" content=\"index, follow, max-snippet:-1, max-image-preview:large, max-video-preview:-1\" \/>\n<link rel=\"canonical\" href=\"http:\/\/www.amatustra.de\/fotografie\/weihnachten-2019\/\" \/>\n<meta property=\"og:locale\" content=\"de_DE\" \/>\n<meta property=\"og:type\" content=\"article\" \/>\n<meta property=\"og:title\" content=\"X-MAS - amatustra fotografie |&nbsp;Hochzeitsfotografen &bull;&nbsp;Hochzeitsfilm &bull; Schwangerschaft-, Baby-, Kinder-, Familienfotos &bull;&nbsp;Event- und gewerbliche Fotografie\" \/>\n<meta property=\"og:description\" content=\"Wir w\u00fcnschen allen Menschen beschauliche Tage und ein gl\u00fcckliches und friedvolles Weihnachtsfest. Euer amatustra Fototeam Anke &amp; Stephan\" \/>\n<meta property=\"og:url\" content=\"http:\/\/www.amatustra.de\/fotografie\/weihnachten-2019\/\" \/>\n<meta property=\"og:site_name\" content=\"amatustra fotografie |&nbsp;Hochzeitsfotografen &bull;&nbsp;Hochzeitsfilm &bull; Schwangerschaft-, Baby-, Kinder-, Familienfotos &bull;&nbsp;Event- und gewerbliche Fotografie\" \/>\n<meta property=\"article:publisher\" content=\"https:\/\/www.facebook.com\/amatustra\" \/>\n<meta property=\"article:published_time\" content=\"2019-12-23T23:01:50+00:00\" \/>\n<meta property=\"og:image\" content=\"http:\/\/www.amatustra.de\/fotografie\/wp-content\/uploads\/IMG_1266.jpg\" \/>\n\t<meta property=\"og:image:width\" content=\"2000\" \/>\n\t<meta property=\"og:image:height\" content=\"1500\" \/>\n\t<meta property=\"og:image:type\" content=\"image\/jpeg\" \/>\n<meta name=\"author\" content=\"agency22\" \/>\n<meta name=\"twitter:card\" content=\"summary_large_image\" \/>\n<meta name=\"twitter:label1\" content=\"Verfasst von\" \/>\n\t<meta name=\"twitter:data1\" content=\"agency22\" \/>\n\t<meta name=\"twitter:label2\" content=\"Gesch\u00e4tzte Lesezeit\" \/>\n\t<meta name=\"twitter:data2\" content=\"2\u00a0Minuten\" \/>\n<script type=\"application\/ld+json\" class=\"yoast-schema-graph\">{\"@context\":\"https:\/\/schema.org\",\"@graph\":[{\"@type\":\"Article\",\"@id\":\"http:\/\/www.amatustra.de\/fotografie\/weihnachten-2019\/#article\",\"isPartOf\":{\"@id\":\"http:\/\/www.amatustra.de\/fotografie\/weihnachten-2019\/\"},\"author\":{\"name\":\"agency22\",\"@id\":\"http:\/\/www.amatustra.de\/fotografie\/#\/schema\/person\/2adeda2562554bb428a117c8357ec38d\"},\"headline\":\"X-MAS\",\"datePublished\":\"2019-12-23T23:01:50+00:00\",\"mainEntityOfPage\":{\"@id\":\"http:\/\/www.amatustra.de\/fotografie\/weihnachten-2019\/\"},\"wordCount\":368,\"publisher\":{\"@id\":\"http:\/\/www.amatustra.de\/fotografie\/#organization\"},\"image\":{\"@id\":\"http:\/\/www.amatustra.de\/fotografie\/weihnachten-2019\/#primaryimage\"},\"thumbnailUrl\":\"http:\/\/www.amatustra.de\/fotografie\/wp-content\/uploads\/IMG_1266.jpg\",\"keywords\":[\"wir\"],\"articleSection\":[\"amatustra\",\"wir\"],\"inLanguage\":\"de\"},{\"@type\":\"WebPage\",\"@id\":\"http:\/\/www.amatustra.de\/fotografie\/weihnachten-2019\/\",\"url\":\"http:\/\/www.amatustra.de\/fotografie\/weihnachten-2019\/\",\"name\":\"X-MAS - amatustra fotografie |&nbsp;Hochzeitsfotografen &bull;&nbsp;Hochzeitsfilm &bull; Schwangerschaft-, Baby-, Kinder-, Familienfotos &bull;&nbsp;Event- und gewerbliche Fotografie\",\"isPartOf\":{\"@id\":\"http:\/\/www.amatustra.de\/fotografie\/#website\"},\"primaryImageOfPage\":{\"@id\":\"http:\/\/www.amatustra.de\/fotografie\/weihnachten-2019\/#primaryimage\"},\"image\":{\"@id\":\"http:\/\/www.amatustra.de\/fotografie\/weihnachten-2019\/#primaryimage\"},\"thumbnailUrl\":\"http:\/\/www.amatustra.de\/fotografie\/wp-content\/uploads\/IMG_1266.jpg\",\"datePublished\":\"2019-12-23T23:01:50+00:00\",\"description\":\"Wir w\u00fcnschen allen Menschen beschauliche Tage und ein gl\u00fcckliches und friedvolles Weihnachtsfest. Euer amatustra Fototeam Anke & Stephan\",\"breadcrumb\":{\"@id\":\"http:\/\/www.amatustra.de\/fotografie\/weihnachten-2019\/#breadcrumb\"},\"inLanguage\":\"de\",\"potentialAction\":[{\"@type\":\"ReadAction\",\"target\":[\"http:\/\/www.amatustra.de\/fotografie\/weihnachten-2019\/\"]}]},{\"@type\":\"ImageObject\",\"inLanguage\":\"de\",\"@id\":\"http:\/\/www.amatustra.de\/fotografie\/weihnachten-2019\/#primaryimage\",\"url\":\"http:\/\/www.amatustra.de\/fotografie\/wp-content\/uploads\/IMG_1266.jpg\",\"contentUrl\":\"http:\/\/www.amatustra.de\/fotografie\/wp-content\/uploads\/IMG_1266.jpg\",\"width\":2000,\"height\":1500,\"caption\":\"Weihnachtsbecher\"},{\"@type\":\"BreadcrumbList\",\"@id\":\"http:\/\/www.amatustra.de\/fotografie\/weihnachten-2019\/#breadcrumb\",\"itemListElement\":[{\"@type\":\"ListItem\",\"position\":1,\"name\":\"Startseite\",\"item\":\"http:\/\/www.amatustra.de\/fotografie\/\"},{\"@type\":\"ListItem\",\"position\":2,\"name\":\"X-MAS\"}]},{\"@type\":\"WebSite\",\"@id\":\"http:\/\/www.amatustra.de\/fotografie\/#website\",\"url\":\"http:\/\/www.amatustra.de\/fotografie\/\",\"name\":\"amatustra fotografie |&nbsp;Hochzeitsfotografen &bull;&nbsp;Hochzeitsfilm &bull; Schwangerschaft-, Baby-, Kinder-, Familienfotos &bull;&nbsp;Event- und gewerbliche Fotografie\",\"description\":\"\",\"publisher\":{\"@id\":\"http:\/\/www.amatustra.de\/fotografie\/#organization\"},\"potentialAction\":[{\"@type\":\"SearchAction\",\"target\":{\"@type\":\"EntryPoint\",\"urlTemplate\":\"http:\/\/www.amatustra.de\/fotografie\/?s={search_term_string}\"},\"query-input\":{\"@type\":\"PropertyValueSpecification\",\"valueRequired\":true,\"valueName\":\"search_term_string\"}}],\"inLanguage\":\"de\"},{\"@type\":\"Organization\",\"@id\":\"http:\/\/www.amatustra.de\/fotografie\/#organization\",\"name\":\"amatustra - strickroth & fiege fotografie\",\"url\":\"http:\/\/www.amatustra.de\/fotografie\/\",\"logo\":{\"@type\":\"ImageObject\",\"inLanguage\":\"de\",\"@id\":\"http:\/\/www.amatustra.de\/fotografie\/#\/schema\/logo\/image\/\",\"url\":\"http:\/\/www.amatustra.de\/fotografie\/wp-content\/uploads\/amatustra_fotografie_Logo__black_1338x412px.png\",\"contentUrl\":\"http:\/\/www.amatustra.de\/fotografie\/wp-content\/uploads\/amatustra_fotografie_Logo__black_1338x412px.png\",\"width\":1338,\"height\":412,\"caption\":\"amatustra - strickroth & fiege fotografie\"},\"image\":{\"@id\":\"http:\/\/www.amatustra.de\/fotografie\/#\/schema\/logo\/image\/\"},\"sameAs\":[\"https:\/\/www.facebook.com\/amatustra\",\"https:\/\/de.pinterest.com\/amatustra\/\",\"https:\/\/www.youtube.com\/user\/agency22\"]},{\"@type\":\"Person\",\"@id\":\"http:\/\/www.amatustra.de\/fotografie\/#\/schema\/person\/2adeda2562554bb428a117c8357ec38d\",\"name\":\"agency22\",\"image\":{\"@type\":\"ImageObject\",\"inLanguage\":\"de\",\"@id\":\"http:\/\/www.amatustra.de\/fotografie\/#\/schema\/person\/image\/\",\"url\":\"https:\/\/secure.gravatar.com\/avatar\/a9a1da0268388b67017ef78e6215458cfa21854fedab5b428682b8a2810d9944?s=96&d=mm&r=g\",\"contentUrl\":\"https:\/\/secure.gravatar.com\/avatar\/a9a1da0268388b67017ef78e6215458cfa21854fedab5b428682b8a2810d9944?s=96&d=mm&r=g\",\"caption\":\"agency22\"},\"description\":\"Lifestylephotography Hochzeitfotografie, PR- &amp; Eventfotografie, Schwangerschaftfotografie, Baby-, Kinder- &amp; Familienfotografie, Portrait- &amp; Fashion-Fotografie\"}]}<\/script>\n<!-- \/ Yoast SEO plugin. -->","yoast_head_json":{"title":"X-MAS - amatustra fotografie |&nbsp;Hochzeitsfotografen &bull;&nbsp;Hochzeitsfilm &bull; Schwangerschaft-, Baby-, Kinder-, Familienfotos &bull;&nbsp;Event- und gewerbliche Fotografie","description":"Wir w\u00fcnschen allen Menschen beschauliche Tage und ein gl\u00fcckliches und friedvolles Weihnachtsfest. Euer amatustra Fototeam Anke & Stephan","robots":{"index":"index","follow":"follow","max-snippet":"max-snippet:-1","max-image-preview":"max-image-preview:large","max-video-preview":"max-video-preview:-1"},"canonical":"http:\/\/www.amatustra.de\/fotografie\/weihnachten-2019\/","og_locale":"de_DE","og_type":"article","og_title":"X-MAS - amatustra fotografie |&nbsp;Hochzeitsfotografen &bull;&nbsp;Hochzeitsfilm &bull; Schwangerschaft-, Baby-, Kinder-, Familienfotos &bull;&nbsp;Event- und gewerbliche Fotografie","og_description":"Wir w\u00fcnschen allen Menschen beschauliche Tage und ein gl\u00fcckliches und friedvolles Weihnachtsfest. Euer amatustra Fototeam Anke & Stephan","og_url":"http:\/\/www.amatustra.de\/fotografie\/weihnachten-2019\/","og_site_name":"amatustra fotografie |&nbsp;Hochzeitsfotografen &bull;&nbsp;Hochzeitsfilm &bull; Schwangerschaft-, Baby-, Kinder-, Familienfotos &bull;&nbsp;Event- und gewerbliche Fotografie","article_publisher":"https:\/\/www.facebook.com\/amatustra","article_published_time":"2019-12-23T23:01:50+00:00","og_image":[{"width":2000,"height":1500,"url":"http:\/\/www.amatustra.de\/fotografie\/wp-content\/uploads\/IMG_1266.jpg","type":"image\/jpeg"}],"author":"agency22","twitter_card":"summary_large_image","twitter_misc":{"Verfasst von":"agency22","Gesch\u00e4tzte Lesezeit":"2\u00a0Minuten"},"schema":{"@context":"https:\/\/schema.org","@graph":[{"@type":"Article","@id":"http:\/\/www.amatustra.de\/fotografie\/weihnachten-2019\/#article","isPartOf":{"@id":"http:\/\/www.amatustra.de\/fotografie\/weihnachten-2019\/"},"author":{"name":"agency22","@id":"http:\/\/www.amatustra.de\/fotografie\/#\/schema\/person\/2adeda2562554bb428a117c8357ec38d"},"headline":"X-MAS","datePublished":"2019-12-23T23:01:50+00:00","mainEntityOfPage":{"@id":"http:\/\/www.amatustra.de\/fotografie\/weihnachten-2019\/"},"wordCount":368,"publisher":{"@id":"http:\/\/www.amatustra.de\/fotografie\/#organization"},"image":{"@id":"http:\/\/www.amatustra.de\/fotografie\/weihnachten-2019\/#primaryimage"},"thumbnailUrl":"http:\/\/www.amatustra.de\/fotografie\/wp-content\/uploads\/IMG_1266.jpg","keywords":["wir"],"articleSection":["amatustra","wir"],"inLanguage":"de"},{"@type":"WebPage","@id":"http:\/\/www.amatustra.de\/fotografie\/weihnachten-2019\/","url":"http:\/\/www.amatustra.de\/fotografie\/weihnachten-2019\/","name":"X-MAS - amatustra fotografie |&nbsp;Hochzeitsfotografen &bull;&nbsp;Hochzeitsfilm &bull; Schwangerschaft-, Baby-, Kinder-, Familienfotos &bull;&nbsp;Event- und gewerbliche Fotografie","isPartOf":{"@id":"http:\/\/www.amatustra.de\/fotografie\/#website"},"primaryImageOfPage":{"@id":"http:\/\/www.amatustra.de\/fotografie\/weihnachten-2019\/#primaryimage"},"image":{"@id":"http:\/\/www.amatustra.de\/fotografie\/weihnachten-2019\/#primaryimage"},"thumbnailUrl":"http:\/\/www.amatustra.de\/fotografie\/wp-content\/uploads\/IMG_1266.jpg","datePublished":"2019-12-23T23:01:50+00:00","description":"Wir w\u00fcnschen allen Menschen beschauliche Tage und ein gl\u00fcckliches und friedvolles Weihnachtsfest. Euer amatustra Fototeam Anke & Stephan","breadcrumb":{"@id":"http:\/\/www.amatustra.de\/fotografie\/weihnachten-2019\/#breadcrumb"},"inLanguage":"de","potentialAction":[{"@type":"ReadAction","target":["http:\/\/www.amatustra.de\/fotografie\/weihnachten-2019\/"]}]},{"@type":"ImageObject","inLanguage":"de","@id":"http:\/\/www.amatustra.de\/fotografie\/weihnachten-2019\/#primaryimage","url":"http:\/\/www.amatustra.de\/fotografie\/wp-content\/uploads\/IMG_1266.jpg","contentUrl":"http:\/\/www.amatustra.de\/fotografie\/wp-content\/uploads\/IMG_1266.jpg","width":2000,"height":1500,"caption":"Weihnachtsbecher"},{"@type":"BreadcrumbList","@id":"http:\/\/www.amatustra.de\/fotografie\/weihnachten-2019\/#breadcrumb","itemListElement":[{"@type":"ListItem","position":1,"name":"Startseite","item":"http:\/\/www.amatustra.de\/fotografie\/"},{"@type":"ListItem","position":2,"name":"X-MAS"}]},{"@type":"WebSite","@id":"http:\/\/www.amatustra.de\/fotografie\/#website","url":"http:\/\/www.amatustra.de\/fotografie\/","name":"amatustra fotografie |&nbsp;Hochzeitsfotografen &bull;&nbsp;Hochzeitsfilm &bull; Schwangerschaft-, Baby-, Kinder-, Familienfotos &bull;&nbsp;Event- und gewerbliche Fotografie","description":"","publisher":{"@id":"http:\/\/www.amatustra.de\/fotografie\/#organization"},"potentialAction":[{"@type":"SearchAction","target":{"@type":"EntryPoint","urlTemplate":"http:\/\/www.amatustra.de\/fotografie\/?s={search_term_string}"},"query-input":{"@type":"PropertyValueSpecification","valueRequired":true,"valueName":"search_term_string"}}],"inLanguage":"de"},{"@type":"Organization","@id":"http:\/\/www.amatustra.de\/fotografie\/#organization","name":"amatustra - strickroth & fiege fotografie","url":"http:\/\/www.amatustra.de\/fotografie\/","logo":{"@type":"ImageObject","inLanguage":"de","@id":"http:\/\/www.amatustra.de\/fotografie\/#\/schema\/logo\/image\/","url":"http:\/\/www.amatustra.de\/fotografie\/wp-content\/uploads\/amatustra_fotografie_Logo__black_1338x412px.png","contentUrl":"http:\/\/www.amatustra.de\/fotografie\/wp-content\/uploads\/amatustra_fotografie_Logo__black_1338x412px.png","width":1338,"height":412,"caption":"amatustra - strickroth & fiege fotografie"},"image":{"@id":"http:\/\/www.amatustra.de\/fotografie\/#\/schema\/logo\/image\/"},"sameAs":["https:\/\/www.facebook.com\/amatustra","https:\/\/de.pinterest.com\/amatustra\/","https:\/\/www.youtube.com\/user\/agency22"]},{"@type":"Person","@id":"http:\/\/www.amatustra.de\/fotografie\/#\/schema\/person\/2adeda2562554bb428a117c8357ec38d","name":"agency22","image":{"@type":"ImageObject","inLanguage":"de","@id":"http:\/\/www.amatustra.de\/fotografie\/#\/schema\/person\/image\/","url":"https:\/\/secure.gravatar.com\/avatar\/a9a1da0268388b67017ef78e6215458cfa21854fedab5b428682b8a2810d9944?s=96&d=mm&r=g","contentUrl":"https:\/\/secure.gravatar.com\/avatar\/a9a1da0268388b67017ef78e6215458cfa21854fedab5b428682b8a2810d9944?s=96&d=mm&r=g","caption":"agency22"},"description":"Lifestylephotography Hochzeitfotografie, PR- &amp; Eventfotografie, Schwangerschaftfotografie, Baby-, Kinder- &amp; Familienfotografie, Portrait- &amp; Fashion-Fotografie"}]}},"_links":{"self":[{"href":"http:\/\/www.amatustra.de\/fotografie\/wp-json\/wp\/v2\/posts\/7744","targetHints":{"allow":["GET"]}}],"collection":[{"href":"http:\/\/www.amatustra.de\/fotografie\/wp-json\/wp\/v2\/posts"}],"about":[{"href":"http:\/\/www.amatustra.de\/fotografie\/wp-json\/wp\/v2\/types\/post"}],"author":[{"embeddable":true,"href":"http:\/\/www.amatustra.de\/fotografie\/wp-json\/wp\/v2\/users\/1"}],"replies":[{"embeddable":true,"href":"http:\/\/www.amatustra.de\/fotografie\/wp-json\/wp\/v2\/comments?post=7744"}],"version-history":[{"count":4,"href":"http:\/\/www.amatustra.de\/fotografie\/wp-json\/wp\/v2\/posts\/7744\/revisions"}],"predecessor-version":[{"id":7749,"href":"http:\/\/www.amatustra.de\/fotografie\/wp-json\/wp\/v2\/posts\/7744\/revisions\/7749"}],"wp:featuredmedia":[{"embeddable":true,"href":"http:\/\/www.amatustra.de\/fotografie\/wp-json\/wp\/v2\/media\/7745"}],"wp:attachment":[{"href":"http:\/\/www.amatustra.de\/fotografie\/wp-json\/wp\/v2\/media?parent=7744"}],"wp:term":[{"taxonomy":"category","embeddable":true,"href":"http:\/\/www.amatustra.de\/fotografie\/wp-json\/wp\/v2\/categories?post=7744"},{"taxonomy":"post_tag","embeddable":true,"href":"http:\/\/www.amatustra.de\/fotografie\/wp-json\/wp\/v2\/tags?post=7744"}],"curies":[{"name":"wp","href":"https:\/\/api.w.org\/{rel}","templated":true}]}}