{"id":586,"date":"2009-07-01T11:10:10","date_gmt":"2009-07-01T11:10:10","guid":{"rendered":"http:\/\/amatustra.de\/fotografie\/?p=586"},"modified":"2013-09-30T09:09:17","modified_gmt":"2013-09-30T09:09:17","slug":"fotosession-postproduction","status":"publish","type":"post","link":"http:\/\/www.amatustra.de\/fotografie\/fotosession-postproduction\/","title":{"rendered":"Fotosession &#038; Postproduction"},"content":{"rendered":"<div>\n<div>\n<p>F\u00fcr den Webauftritt von smq-project griff die Werbeagentur <a title=\"http:\/\/www.agency22.de\" href=\"http:\/\/www.agency22.de\">agency22<\/a> in die digitale Trickkiste.<\/p>\n<p>Um seine Leistungen im Internet vorzustellen, buchte smq-project agency22\/amatustra f\u00fcr die Erstellung der Web-Fotos. Das gut vorbereitete und genau konzipierte Fotoshooting verlief sehr z\u00fcgig. Den zeitlichen L\u00f6wenanteil des Projekts verschlang die aufwendige Bildbearbeitung. Die Bildergebnisse f\u00fcgen sich aber erst durch diesen Prozess harmonisch in den Web-Auftritt ein und spiegeln die CI des Unternehmens ansprechend wider.<\/p>\n<p>Der Aufwand hat sich gelohnt.<br \/>\nSeit Mitte Juli ist <a title=\"http:\/\/www.smq-project.de\" href=\"http:\/\/www.smq-project.de\">smq-project<\/a> mit seinen Seiten im Web pr\u00e4sent.<\/p>\n<p>Wir w\u00fcnschen unserem Kunden weiterhin viel Erfolg und zahlreiche Webbesucher.<\/p>\n<p>&nbsp;<\/p>\n<p><img loading=\"lazy\" decoding=\"async\" class=\"alignnone size-full wp-image-587\" style=\"border: 1px solid white;\" alt=\"blog_smq_090701\" src=\"http:\/\/amatustra.de\/fotografie\/wp-content\/uploads\/2013\/09\/blog_smq_090701.png\" width=\"393\" height=\"210\" data-id=\"587\" srcset=\"http:\/\/www.amatustra.de\/fotografie\/wp-content\/uploads\/2013\/09\/blog_smq_090701.png 393w, http:\/\/www.amatustra.de\/fotografie\/wp-content\/uploads\/2013\/09\/blog_smq_090701-304x162.png 304w\" sizes=\"auto, (max-width: 393px) 100vw, 393px\" \/><\/p>\n<\/div>\n<\/div>\n","protected":false},"excerpt":{"rendered":"<p>F\u00fcr den Webauftritt von smq-project griff die Werbeagentur agency22 in die digitale Trickkiste. Um seine Leistungen im Internet vorzustellen, buchte smq-project agency22\/amatustra f\u00fcr die Erstellung der Web-Fotos. Das gut vorbereitete und genau konzipierte Fotoshooting verlief sehr z\u00fcgig. Den zeitlichen L\u00f6wenanteil des Projekts verschlang die aufwendige Bildbearbeitung. Die Bildergebnisse f\u00fcgen sich aber erst durch diesen Prozess [&hellip;]<\/p>\n","protected":false},"author":1,"featured_media":587,"comment_status":"closed","ping_status":"closed","sticky":false,"template":"","format":"standard","meta":{"footnotes":""},"categories":[12,16],"tags":[17],"class_list":["post-586","post","type-post","status-publish","format-standard","has-post-thumbnail","hentry","category-amatustra","category-business","tag-gewerbe"],"yoast_head":"<!-- This site is optimized with the Yoast SEO plugin v26.6 - https:\/\/yoast.com\/wordpress\/plugins\/seo\/ -->\n<title>Fotosession &amp; Postproduction - amatustra fotografie |&nbsp;Hochzeitsfotografen &bull;&nbsp;Hochzeitsfilm &bull; Schwangerschaft-, Baby-, Kinder-, Familienfotos &bull;&nbsp;Event- und gewerbliche Fotografie<\/title>\n<meta name=\"robots\" content=\"index, follow, max-snippet:-1, max-image-preview:large, max-video-preview:-1\" \/>\n<link rel=\"canonical\" href=\"http:\/\/www.amatustra.de\/fotografie\/fotosession-postproduction\/\" \/>\n<meta property=\"og:locale\" content=\"de_DE\" \/>\n<meta property=\"og:type\" content=\"article\" \/>\n<meta property=\"og:title\" content=\"Fotosession &amp; Postproduction - amatustra fotografie |&nbsp;Hochzeitsfotografen &bull;&nbsp;Hochzeitsfilm &bull; Schwangerschaft-, Baby-, Kinder-, Familienfotos &bull;&nbsp;Event- und gewerbliche Fotografie\" \/>\n<meta property=\"og:description\" content=\"F\u00fcr den Webauftritt von smq-project griff die Werbeagentur agency22 in die digitale Trickkiste. Um seine Leistungen im Internet vorzustellen, buchte smq-project agency22\/amatustra f\u00fcr die Erstellung der Web-Fotos. Das gut vorbereitete und genau konzipierte Fotoshooting verlief sehr z\u00fcgig. Den zeitlichen L\u00f6wenanteil des Projekts verschlang die aufwendige Bildbearbeitung. Die Bildergebnisse f\u00fcgen sich aber erst durch diesen Prozess [&hellip;]\" \/>\n<meta property=\"og:url\" content=\"http:\/\/www.amatustra.de\/fotografie\/fotosession-postproduction\/\" \/>\n<meta property=\"og:site_name\" content=\"amatustra fotografie |&nbsp;Hochzeitsfotografen &bull;&nbsp;Hochzeitsfilm &bull; Schwangerschaft-, Baby-, Kinder-, Familienfotos &bull;&nbsp;Event- und gewerbliche Fotografie\" \/>\n<meta property=\"article:publisher\" content=\"https:\/\/www.facebook.com\/amatustra\" \/>\n<meta property=\"article:published_time\" content=\"2009-07-01T11:10:10+00:00\" \/>\n<meta property=\"article:modified_time\" content=\"2013-09-30T09:09:17+00:00\" \/>\n<meta property=\"og:image\" content=\"http:\/\/www.amatustra.de\/fotografie\/wp-content\/uploads\/2013\/09\/blog_smq_090701.png\" \/>\n\t<meta property=\"og:image:width\" content=\"393\" \/>\n\t<meta property=\"og:image:height\" content=\"210\" \/>\n\t<meta property=\"og:image:type\" content=\"image\/png\" \/>\n<meta name=\"author\" content=\"agency22\" \/>\n<meta name=\"twitter:card\" content=\"summary_large_image\" \/>\n<meta name=\"twitter:label1\" content=\"Verfasst von\" \/>\n\t<meta name=\"twitter:data1\" content=\"agency22\" \/>\n\t<meta name=\"twitter:label2\" content=\"Gesch\u00e4tzte Lesezeit\" \/>\n\t<meta name=\"twitter:data2\" content=\"1\u00a0Minute\" \/>\n<script type=\"application\/ld+json\" class=\"yoast-schema-graph\">{\"@context\":\"https:\/\/schema.org\",\"@graph\":[{\"@type\":\"Article\",\"@id\":\"http:\/\/www.amatustra.de\/fotografie\/fotosession-postproduction\/#article\",\"isPartOf\":{\"@id\":\"http:\/\/www.amatustra.de\/fotografie\/fotosession-postproduction\/\"},\"author\":{\"name\":\"agency22\",\"@id\":\"http:\/\/www.amatustra.de\/fotografie\/#\/schema\/person\/2adeda2562554bb428a117c8357ec38d\"},\"headline\":\"Fotosession &#038; Postproduction\",\"datePublished\":\"2009-07-01T11:10:10+00:00\",\"dateModified\":\"2013-09-30T09:09:17+00:00\",\"mainEntityOfPage\":{\"@id\":\"http:\/\/www.amatustra.de\/fotografie\/fotosession-postproduction\/\"},\"wordCount\":105,\"publisher\":{\"@id\":\"http:\/\/www.amatustra.de\/fotografie\/#organization\"},\"image\":{\"@id\":\"http:\/\/www.amatustra.de\/fotografie\/fotosession-postproduction\/#primaryimage\"},\"thumbnailUrl\":\"http:\/\/www.amatustra.de\/fotografie\/wp-content\/uploads\/2013\/09\/blog_smq_090701.png\",\"keywords\":[\"Gewerbe\"],\"articleSection\":[\"amatustra\",\"Business\"],\"inLanguage\":\"de\"},{\"@type\":\"WebPage\",\"@id\":\"http:\/\/www.amatustra.de\/fotografie\/fotosession-postproduction\/\",\"url\":\"http:\/\/www.amatustra.de\/fotografie\/fotosession-postproduction\/\",\"name\":\"Fotosession & Postproduction - amatustra fotografie |&nbsp;Hochzeitsfotografen &bull;&nbsp;Hochzeitsfilm &bull; Schwangerschaft-, Baby-, Kinder-, Familienfotos &bull;&nbsp;Event- und gewerbliche Fotografie\",\"isPartOf\":{\"@id\":\"http:\/\/www.amatustra.de\/fotografie\/#website\"},\"primaryImageOfPage\":{\"@id\":\"http:\/\/www.amatustra.de\/fotografie\/fotosession-postproduction\/#primaryimage\"},\"image\":{\"@id\":\"http:\/\/www.amatustra.de\/fotografie\/fotosession-postproduction\/#primaryimage\"},\"thumbnailUrl\":\"http:\/\/www.amatustra.de\/fotografie\/wp-content\/uploads\/2013\/09\/blog_smq_090701.png\",\"datePublished\":\"2009-07-01T11:10:10+00:00\",\"dateModified\":\"2013-09-30T09:09:17+00:00\",\"breadcrumb\":{\"@id\":\"http:\/\/www.amatustra.de\/fotografie\/fotosession-postproduction\/#breadcrumb\"},\"inLanguage\":\"de\",\"potentialAction\":[{\"@type\":\"ReadAction\",\"target\":[\"http:\/\/www.amatustra.de\/fotografie\/fotosession-postproduction\/\"]}]},{\"@type\":\"ImageObject\",\"inLanguage\":\"de\",\"@id\":\"http:\/\/www.amatustra.de\/fotografie\/fotosession-postproduction\/#primaryimage\",\"url\":\"http:\/\/www.amatustra.de\/fotografie\/wp-content\/uploads\/2013\/09\/blog_smq_090701.png\",\"contentUrl\":\"http:\/\/www.amatustra.de\/fotografie\/wp-content\/uploads\/2013\/09\/blog_smq_090701.png\",\"width\":393,\"height\":210},{\"@type\":\"BreadcrumbList\",\"@id\":\"http:\/\/www.amatustra.de\/fotografie\/fotosession-postproduction\/#breadcrumb\",\"itemListElement\":[{\"@type\":\"ListItem\",\"position\":1,\"name\":\"Startseite\",\"item\":\"http:\/\/www.amatustra.de\/fotografie\/\"},{\"@type\":\"ListItem\",\"position\":2,\"name\":\"Fotosession &#038; Postproduction\"}]},{\"@type\":\"WebSite\",\"@id\":\"http:\/\/www.amatustra.de\/fotografie\/#website\",\"url\":\"http:\/\/www.amatustra.de\/fotografie\/\",\"name\":\"amatustra fotografie |&nbsp;Hochzeitsfotografen &bull;&nbsp;Hochzeitsfilm &bull; Schwangerschaft-, Baby-, Kinder-, Familienfotos &bull;&nbsp;Event- und gewerbliche Fotografie\",\"description\":\"\",\"publisher\":{\"@id\":\"http:\/\/www.amatustra.de\/fotografie\/#organization\"},\"potentialAction\":[{\"@type\":\"SearchAction\",\"target\":{\"@type\":\"EntryPoint\",\"urlTemplate\":\"http:\/\/www.amatustra.de\/fotografie\/?s={search_term_string}\"},\"query-input\":{\"@type\":\"PropertyValueSpecification\",\"valueRequired\":true,\"valueName\":\"search_term_string\"}}],\"inLanguage\":\"de\"},{\"@type\":\"Organization\",\"@id\":\"http:\/\/www.amatustra.de\/fotografie\/#organization\",\"name\":\"amatustra - strickroth & fiege fotografie\",\"url\":\"http:\/\/www.amatustra.de\/fotografie\/\",\"logo\":{\"@type\":\"ImageObject\",\"inLanguage\":\"de\",\"@id\":\"http:\/\/www.amatustra.de\/fotografie\/#\/schema\/logo\/image\/\",\"url\":\"http:\/\/www.amatustra.de\/fotografie\/wp-content\/uploads\/amatustra_fotografie_Logo__black_1338x412px.png\",\"contentUrl\":\"http:\/\/www.amatustra.de\/fotografie\/wp-content\/uploads\/amatustra_fotografie_Logo__black_1338x412px.png\",\"width\":1338,\"height\":412,\"caption\":\"amatustra - strickroth & fiege fotografie\"},\"image\":{\"@id\":\"http:\/\/www.amatustra.de\/fotografie\/#\/schema\/logo\/image\/\"},\"sameAs\":[\"https:\/\/www.facebook.com\/amatustra\",\"https:\/\/de.pinterest.com\/amatustra\/\",\"https:\/\/www.youtube.com\/user\/agency22\"]},{\"@type\":\"Person\",\"@id\":\"http:\/\/www.amatustra.de\/fotografie\/#\/schema\/person\/2adeda2562554bb428a117c8357ec38d\",\"name\":\"agency22\",\"image\":{\"@type\":\"ImageObject\",\"inLanguage\":\"de\",\"@id\":\"http:\/\/www.amatustra.de\/fotografie\/#\/schema\/person\/image\/\",\"url\":\"https:\/\/secure.gravatar.com\/avatar\/a9a1da0268388b67017ef78e6215458cfa21854fedab5b428682b8a2810d9944?s=96&d=mm&r=g\",\"contentUrl\":\"https:\/\/secure.gravatar.com\/avatar\/a9a1da0268388b67017ef78e6215458cfa21854fedab5b428682b8a2810d9944?s=96&d=mm&r=g\",\"caption\":\"agency22\"},\"description\":\"Lifestylephotography Hochzeitfotografie, PR- &amp; Eventfotografie, Schwangerschaftfotografie, Baby-, Kinder- &amp; Familienfotografie, Portrait- &amp; Fashion-Fotografie\"}]}<\/script>\n<!-- \/ Yoast SEO plugin. -->","yoast_head_json":{"title":"Fotosession & Postproduction - amatustra fotografie |&nbsp;Hochzeitsfotografen &bull;&nbsp;Hochzeitsfilm &bull; Schwangerschaft-, Baby-, Kinder-, Familienfotos &bull;&nbsp;Event- und gewerbliche Fotografie","robots":{"index":"index","follow":"follow","max-snippet":"max-snippet:-1","max-image-preview":"max-image-preview:large","max-video-preview":"max-video-preview:-1"},"canonical":"http:\/\/www.amatustra.de\/fotografie\/fotosession-postproduction\/","og_locale":"de_DE","og_type":"article","og_title":"Fotosession & Postproduction - amatustra fotografie |&nbsp;Hochzeitsfotografen &bull;&nbsp;Hochzeitsfilm &bull; Schwangerschaft-, Baby-, Kinder-, Familienfotos &bull;&nbsp;Event- und gewerbliche Fotografie","og_description":"F\u00fcr den Webauftritt von smq-project griff die Werbeagentur agency22 in die digitale Trickkiste. Um seine Leistungen im Internet vorzustellen, buchte smq-project agency22\/amatustra f\u00fcr die Erstellung der Web-Fotos. Das gut vorbereitete und genau konzipierte Fotoshooting verlief sehr z\u00fcgig. Den zeitlichen L\u00f6wenanteil des Projekts verschlang die aufwendige Bildbearbeitung. Die Bildergebnisse f\u00fcgen sich aber erst durch diesen Prozess [&hellip;]","og_url":"http:\/\/www.amatustra.de\/fotografie\/fotosession-postproduction\/","og_site_name":"amatustra fotografie |&nbsp;Hochzeitsfotografen &bull;&nbsp;Hochzeitsfilm &bull; Schwangerschaft-, Baby-, Kinder-, Familienfotos &bull;&nbsp;Event- und gewerbliche Fotografie","article_publisher":"https:\/\/www.facebook.com\/amatustra","article_published_time":"2009-07-01T11:10:10+00:00","article_modified_time":"2013-09-30T09:09:17+00:00","og_image":[{"width":393,"height":210,"url":"http:\/\/www.amatustra.de\/fotografie\/wp-content\/uploads\/2013\/09\/blog_smq_090701.png","type":"image\/png"}],"author":"agency22","twitter_card":"summary_large_image","twitter_misc":{"Verfasst von":"agency22","Gesch\u00e4tzte Lesezeit":"1\u00a0Minute"},"schema":{"@context":"https:\/\/schema.org","@graph":[{"@type":"Article","@id":"http:\/\/www.amatustra.de\/fotografie\/fotosession-postproduction\/#article","isPartOf":{"@id":"http:\/\/www.amatustra.de\/fotografie\/fotosession-postproduction\/"},"author":{"name":"agency22","@id":"http:\/\/www.amatustra.de\/fotografie\/#\/schema\/person\/2adeda2562554bb428a117c8357ec38d"},"headline":"Fotosession &#038; Postproduction","datePublished":"2009-07-01T11:10:10+00:00","dateModified":"2013-09-30T09:09:17+00:00","mainEntityOfPage":{"@id":"http:\/\/www.amatustra.de\/fotografie\/fotosession-postproduction\/"},"wordCount":105,"publisher":{"@id":"http:\/\/www.amatustra.de\/fotografie\/#organization"},"image":{"@id":"http:\/\/www.amatustra.de\/fotografie\/fotosession-postproduction\/#primaryimage"},"thumbnailUrl":"http:\/\/www.amatustra.de\/fotografie\/wp-content\/uploads\/2013\/09\/blog_smq_090701.png","keywords":["Gewerbe"],"articleSection":["amatustra","Business"],"inLanguage":"de"},{"@type":"WebPage","@id":"http:\/\/www.amatustra.de\/fotografie\/fotosession-postproduction\/","url":"http:\/\/www.amatustra.de\/fotografie\/fotosession-postproduction\/","name":"Fotosession & Postproduction - amatustra fotografie |&nbsp;Hochzeitsfotografen &bull;&nbsp;Hochzeitsfilm &bull; Schwangerschaft-, Baby-, Kinder-, Familienfotos &bull;&nbsp;Event- und gewerbliche Fotografie","isPartOf":{"@id":"http:\/\/www.amatustra.de\/fotografie\/#website"},"primaryImageOfPage":{"@id":"http:\/\/www.amatustra.de\/fotografie\/fotosession-postproduction\/#primaryimage"},"image":{"@id":"http:\/\/www.amatustra.de\/fotografie\/fotosession-postproduction\/#primaryimage"},"thumbnailUrl":"http:\/\/www.amatustra.de\/fotografie\/wp-content\/uploads\/2013\/09\/blog_smq_090701.png","datePublished":"2009-07-01T11:10:10+00:00","dateModified":"2013-09-30T09:09:17+00:00","breadcrumb":{"@id":"http:\/\/www.amatustra.de\/fotografie\/fotosession-postproduction\/#breadcrumb"},"inLanguage":"de","potentialAction":[{"@type":"ReadAction","target":["http:\/\/www.amatustra.de\/fotografie\/fotosession-postproduction\/"]}]},{"@type":"ImageObject","inLanguage":"de","@id":"http:\/\/www.amatustra.de\/fotografie\/fotosession-postproduction\/#primaryimage","url":"http:\/\/www.amatustra.de\/fotografie\/wp-content\/uploads\/2013\/09\/blog_smq_090701.png","contentUrl":"http:\/\/www.amatustra.de\/fotografie\/wp-content\/uploads\/2013\/09\/blog_smq_090701.png","width":393,"height":210},{"@type":"BreadcrumbList","@id":"http:\/\/www.amatustra.de\/fotografie\/fotosession-postproduction\/#breadcrumb","itemListElement":[{"@type":"ListItem","position":1,"name":"Startseite","item":"http:\/\/www.amatustra.de\/fotografie\/"},{"@type":"ListItem","position":2,"name":"Fotosession &#038; Postproduction"}]},{"@type":"WebSite","@id":"http:\/\/www.amatustra.de\/fotografie\/#website","url":"http:\/\/www.amatustra.de\/fotografie\/","name":"amatustra fotografie |&nbsp;Hochzeitsfotografen &bull;&nbsp;Hochzeitsfilm &bull; Schwangerschaft-, Baby-, Kinder-, Familienfotos &bull;&nbsp;Event- und gewerbliche Fotografie","description":"","publisher":{"@id":"http:\/\/www.amatustra.de\/fotografie\/#organization"},"potentialAction":[{"@type":"SearchAction","target":{"@type":"EntryPoint","urlTemplate":"http:\/\/www.amatustra.de\/fotografie\/?s={search_term_string}"},"query-input":{"@type":"PropertyValueSpecification","valueRequired":true,"valueName":"search_term_string"}}],"inLanguage":"de"},{"@type":"Organization","@id":"http:\/\/www.amatustra.de\/fotografie\/#organization","name":"amatustra - strickroth & fiege fotografie","url":"http:\/\/www.amatustra.de\/fotografie\/","logo":{"@type":"ImageObject","inLanguage":"de","@id":"http:\/\/www.amatustra.de\/fotografie\/#\/schema\/logo\/image\/","url":"http:\/\/www.amatustra.de\/fotografie\/wp-content\/uploads\/amatustra_fotografie_Logo__black_1338x412px.png","contentUrl":"http:\/\/www.amatustra.de\/fotografie\/wp-content\/uploads\/amatustra_fotografie_Logo__black_1338x412px.png","width":1338,"height":412,"caption":"amatustra - strickroth & fiege fotografie"},"image":{"@id":"http:\/\/www.amatustra.de\/fotografie\/#\/schema\/logo\/image\/"},"sameAs":["https:\/\/www.facebook.com\/amatustra","https:\/\/de.pinterest.com\/amatustra\/","https:\/\/www.youtube.com\/user\/agency22"]},{"@type":"Person","@id":"http:\/\/www.amatustra.de\/fotografie\/#\/schema\/person\/2adeda2562554bb428a117c8357ec38d","name":"agency22","image":{"@type":"ImageObject","inLanguage":"de","@id":"http:\/\/www.amatustra.de\/fotografie\/#\/schema\/person\/image\/","url":"https:\/\/secure.gravatar.com\/avatar\/a9a1da0268388b67017ef78e6215458cfa21854fedab5b428682b8a2810d9944?s=96&d=mm&r=g","contentUrl":"https:\/\/secure.gravatar.com\/avatar\/a9a1da0268388b67017ef78e6215458cfa21854fedab5b428682b8a2810d9944?s=96&d=mm&r=g","caption":"agency22"},"description":"Lifestylephotography Hochzeitfotografie, PR- &amp; Eventfotografie, Schwangerschaftfotografie, Baby-, Kinder- &amp; Familienfotografie, Portrait- &amp; Fashion-Fotografie"}]}},"_links":{"self":[{"href":"http:\/\/www.amatustra.de\/fotografie\/wp-json\/wp\/v2\/posts\/586","targetHints":{"allow":["GET"]}}],"collection":[{"href":"http:\/\/www.amatustra.de\/fotografie\/wp-json\/wp\/v2\/posts"}],"about":[{"href":"http:\/\/www.amatustra.de\/fotografie\/wp-json\/wp\/v2\/types\/post"}],"author":[{"embeddable":true,"href":"http:\/\/www.amatustra.de\/fotografie\/wp-json\/wp\/v2\/users\/1"}],"replies":[{"embeddable":true,"href":"http:\/\/www.amatustra.de\/fotografie\/wp-json\/wp\/v2\/comments?post=586"}],"version-history":[{"count":1,"href":"http:\/\/www.amatustra.de\/fotografie\/wp-json\/wp\/v2\/posts\/586\/revisions"}],"predecessor-version":[{"id":588,"href":"http:\/\/www.amatustra.de\/fotografie\/wp-json\/wp\/v2\/posts\/586\/revisions\/588"}],"wp:featuredmedia":[{"embeddable":true,"href":"http:\/\/www.amatustra.de\/fotografie\/wp-json\/wp\/v2\/media\/587"}],"wp:attachment":[{"href":"http:\/\/www.amatustra.de\/fotografie\/wp-json\/wp\/v2\/media?parent=586"}],"wp:term":[{"taxonomy":"category","embeddable":true,"href":"http:\/\/www.amatustra.de\/fotografie\/wp-json\/wp\/v2\/categories?post=586"},{"taxonomy":"post_tag","embeddable":true,"href":"http:\/\/www.amatustra.de\/fotografie\/wp-json\/wp\/v2\/tags?post=586"}],"curies":[{"name":"wp","href":"https:\/\/api.w.org\/{rel}","templated":true}]}}