{"id":532,"date":"1997-06-21T17:10:42","date_gmt":"1997-06-21T17:10:42","guid":{"rendered":"http:\/\/amatustra.de\/fotografie\/?p=532"},"modified":"2013-09-30T08:40:39","modified_gmt":"2013-09-30T08:40:39","slug":"examina","status":"publish","type":"post","link":"http:\/\/www.amatustra.de\/fotografie\/examina\/","title":{"rendered":"Examina"},"content":{"rendered":"<div>\n<p>Als Abschlussarbeit im Rahmen ihres Grafik-Designstudiums verfasste Anke Strickroth ein hochwertiges Buch.<\/p>\n<p>Mit der seltenen und aufwendigen Japanischen Bindung f\u00e4llt es sofort ins Auge und ist auch haptisch etwas Besonderes. Dies lag in der Intension der K\u00fcnstlerin. Denn mit dem gew\u00e4hlten Titel \u201eDas Bad. Raum der Sinne.\u201c\u00a0 korrelieren Einband und Inhalt.<br \/>\nSo ist f\u00fcr jeden Sinn etwas in dem Buch enthalten, was die Badekultur unterstreicht oder beseelt. In Handarbeit hergestellte Seife f\u00fcr Nase und Haut, ein von Bleisatz bedrucktes Fragment eines Duschvorhangs, den Gedichtzeilen zum Thema verzieren, Aktzeichnungen und anderes mehr.<\/p>\n<p>Die Herstellung des hochwertigen Buches wurde von der Studentin per Aktienerwerb organisiert, so dass das Buch in einer limitierten Auflage hergestellt werden konnte und jeder Aktion\u00e4r sein Exemplar nach dem Diplomabend stolz in den H\u00e4nden hielt.<\/p>\n<p>Auch die kommerzielle Seite wurde auf die Grafik Designerin und ihr Werk aufmerksam. Auf der Internationalen Frankfurter Buchmesse fand das Buch bei dem \u201eWettbewerb der sch\u00f6nsten deutschen B\u00fccher\u201c zahlreichen Anklang bei Besuchern und den Juroren.<\/p>\n<p>Leider ist der Verlag des Buches aufgrund der Bindung und den individuellen Beigaben \u00e4u\u00dferst kostspielig, so dass es bis heute ein erfolgreiches Diplomprojekt geblieben ist.<\/p>\n<p>&nbsp;<\/p>\n<p><img loading=\"lazy\" decoding=\"async\" class=\"alignnone size-full wp-image-533\" style=\"border: 1px solid white;\" title=\"Examina\" alt=\"blog_examina_970621\" src=\"http:\/\/amatustra.de\/fotografie\/wp-content\/uploads\/2013\/09\/blog_examina_970621.png\" width=\"394\" height=\"210\" data-id=\"533\" srcset=\"http:\/\/www.amatustra.de\/fotografie\/wp-content\/uploads\/2013\/09\/blog_examina_970621.png 394w, http:\/\/www.amatustra.de\/fotografie\/wp-content\/uploads\/2013\/09\/blog_examina_970621-304x162.png 304w\" sizes=\"auto, (max-width: 394px) 100vw, 394px\" \/><\/p>\n<\/div>\n","protected":false},"excerpt":{"rendered":"<p>Als Abschlussarbeit im Rahmen ihres Grafik-Designstudiums verfasste Anke Strickroth ein hochwertiges Buch. Mit der seltenen und aufwendigen Japanischen Bindung f\u00e4llt es sofort ins Auge und ist auch haptisch etwas Besonderes. Dies lag in der Intension der K\u00fcnstlerin. Denn mit dem gew\u00e4hlten Titel \u201eDas Bad. Raum der Sinne.\u201c\u00a0 korrelieren Einband und Inhalt. So ist f\u00fcr jeden [&hellip;]<\/p>\n","protected":false},"author":1,"featured_media":533,"comment_status":"closed","ping_status":"closed","sticky":false,"template":"","format":"standard","meta":{"footnotes":""},"categories":[12,40],"tags":[11],"class_list":["post-532","post","type-post","status-publish","format-standard","has-post-thumbnail","hentry","category-amatustra","category-wir","tag-wir"],"yoast_head":"<!-- This site is optimized with the Yoast SEO plugin v26.6 - https:\/\/yoast.com\/wordpress\/plugins\/seo\/ -->\n<title>Examina - amatustra fotografie |&nbsp;Hochzeitsfotografen &bull;&nbsp;Hochzeitsfilm &bull; Schwangerschaft-, Baby-, Kinder-, Familienfotos &bull;&nbsp;Event- und gewerbliche Fotografie<\/title>\n<meta name=\"robots\" content=\"index, follow, max-snippet:-1, max-image-preview:large, max-video-preview:-1\" \/>\n<link rel=\"canonical\" href=\"http:\/\/www.amatustra.de\/fotografie\/examina\/\" \/>\n<meta property=\"og:locale\" content=\"de_DE\" \/>\n<meta property=\"og:type\" content=\"article\" \/>\n<meta property=\"og:title\" content=\"Examina - amatustra fotografie |&nbsp;Hochzeitsfotografen &bull;&nbsp;Hochzeitsfilm &bull; Schwangerschaft-, Baby-, Kinder-, Familienfotos &bull;&nbsp;Event- und gewerbliche Fotografie\" \/>\n<meta property=\"og:description\" content=\"Als Abschlussarbeit im Rahmen ihres Grafik-Designstudiums verfasste Anke Strickroth ein hochwertiges Buch. Mit der seltenen und aufwendigen Japanischen Bindung f\u00e4llt es sofort ins Auge und ist auch haptisch etwas Besonderes. Dies lag in der Intension der K\u00fcnstlerin. Denn mit dem gew\u00e4hlten Titel \u201eDas Bad. Raum der Sinne.\u201c\u00a0 korrelieren Einband und Inhalt. So ist f\u00fcr jeden [&hellip;]\" \/>\n<meta property=\"og:url\" content=\"http:\/\/www.amatustra.de\/fotografie\/examina\/\" \/>\n<meta property=\"og:site_name\" content=\"amatustra fotografie |&nbsp;Hochzeitsfotografen &bull;&nbsp;Hochzeitsfilm &bull; Schwangerschaft-, Baby-, Kinder-, Familienfotos &bull;&nbsp;Event- und gewerbliche Fotografie\" \/>\n<meta property=\"article:publisher\" content=\"https:\/\/www.facebook.com\/amatustra\" \/>\n<meta property=\"article:published_time\" content=\"1997-06-21T17:10:42+00:00\" \/>\n<meta property=\"article:modified_time\" content=\"2013-09-30T08:40:39+00:00\" \/>\n<meta property=\"og:image\" content=\"http:\/\/www.amatustra.de\/fotografie\/wp-content\/uploads\/2013\/09\/blog_examina_970621.png\" \/>\n\t<meta property=\"og:image:width\" content=\"394\" \/>\n\t<meta property=\"og:image:height\" content=\"210\" \/>\n\t<meta property=\"og:image:type\" content=\"image\/png\" \/>\n<meta name=\"author\" content=\"agency22\" \/>\n<meta name=\"twitter:card\" content=\"summary_large_image\" \/>\n<meta name=\"twitter:label1\" content=\"Verfasst von\" \/>\n\t<meta name=\"twitter:data1\" content=\"agency22\" \/>\n\t<meta name=\"twitter:label2\" content=\"Gesch\u00e4tzte Lesezeit\" \/>\n\t<meta name=\"twitter:data2\" content=\"1\u00a0Minute\" \/>\n<script type=\"application\/ld+json\" class=\"yoast-schema-graph\">{\"@context\":\"https:\/\/schema.org\",\"@graph\":[{\"@type\":\"Article\",\"@id\":\"http:\/\/www.amatustra.de\/fotografie\/examina\/#article\",\"isPartOf\":{\"@id\":\"http:\/\/www.amatustra.de\/fotografie\/examina\/\"},\"author\":{\"name\":\"agency22\",\"@id\":\"http:\/\/www.amatustra.de\/fotografie\/#\/schema\/person\/2adeda2562554bb428a117c8357ec38d\"},\"headline\":\"Examina\",\"datePublished\":\"1997-06-21T17:10:42+00:00\",\"dateModified\":\"2013-09-30T08:40:39+00:00\",\"mainEntityOfPage\":{\"@id\":\"http:\/\/www.amatustra.de\/fotografie\/examina\/\"},\"wordCount\":199,\"publisher\":{\"@id\":\"http:\/\/www.amatustra.de\/fotografie\/#organization\"},\"image\":{\"@id\":\"http:\/\/www.amatustra.de\/fotografie\/examina\/#primaryimage\"},\"thumbnailUrl\":\"http:\/\/www.amatustra.de\/fotografie\/wp-content\/uploads\/2013\/09\/blog_examina_970621.png\",\"keywords\":[\"wir\"],\"articleSection\":[\"amatustra\",\"wir\"],\"inLanguage\":\"de\"},{\"@type\":\"WebPage\",\"@id\":\"http:\/\/www.amatustra.de\/fotografie\/examina\/\",\"url\":\"http:\/\/www.amatustra.de\/fotografie\/examina\/\",\"name\":\"Examina - amatustra fotografie |&nbsp;Hochzeitsfotografen &bull;&nbsp;Hochzeitsfilm &bull; Schwangerschaft-, Baby-, Kinder-, Familienfotos &bull;&nbsp;Event- und gewerbliche Fotografie\",\"isPartOf\":{\"@id\":\"http:\/\/www.amatustra.de\/fotografie\/#website\"},\"primaryImageOfPage\":{\"@id\":\"http:\/\/www.amatustra.de\/fotografie\/examina\/#primaryimage\"},\"image\":{\"@id\":\"http:\/\/www.amatustra.de\/fotografie\/examina\/#primaryimage\"},\"thumbnailUrl\":\"http:\/\/www.amatustra.de\/fotografie\/wp-content\/uploads\/2013\/09\/blog_examina_970621.png\",\"datePublished\":\"1997-06-21T17:10:42+00:00\",\"dateModified\":\"2013-09-30T08:40:39+00:00\",\"breadcrumb\":{\"@id\":\"http:\/\/www.amatustra.de\/fotografie\/examina\/#breadcrumb\"},\"inLanguage\":\"de\",\"potentialAction\":[{\"@type\":\"ReadAction\",\"target\":[\"http:\/\/www.amatustra.de\/fotografie\/examina\/\"]}]},{\"@type\":\"ImageObject\",\"inLanguage\":\"de\",\"@id\":\"http:\/\/www.amatustra.de\/fotografie\/examina\/#primaryimage\",\"url\":\"http:\/\/www.amatustra.de\/fotografie\/wp-content\/uploads\/2013\/09\/blog_examina_970621.png\",\"contentUrl\":\"http:\/\/www.amatustra.de\/fotografie\/wp-content\/uploads\/2013\/09\/blog_examina_970621.png\",\"width\":394,\"height\":210},{\"@type\":\"BreadcrumbList\",\"@id\":\"http:\/\/www.amatustra.de\/fotografie\/examina\/#breadcrumb\",\"itemListElement\":[{\"@type\":\"ListItem\",\"position\":1,\"name\":\"Startseite\",\"item\":\"http:\/\/www.amatustra.de\/fotografie\/\"},{\"@type\":\"ListItem\",\"position\":2,\"name\":\"Examina\"}]},{\"@type\":\"WebSite\",\"@id\":\"http:\/\/www.amatustra.de\/fotografie\/#website\",\"url\":\"http:\/\/www.amatustra.de\/fotografie\/\",\"name\":\"amatustra fotografie |&nbsp;Hochzeitsfotografen &bull;&nbsp;Hochzeitsfilm &bull; Schwangerschaft-, Baby-, Kinder-, Familienfotos &bull;&nbsp;Event- und gewerbliche Fotografie\",\"description\":\"\",\"publisher\":{\"@id\":\"http:\/\/www.amatustra.de\/fotografie\/#organization\"},\"potentialAction\":[{\"@type\":\"SearchAction\",\"target\":{\"@type\":\"EntryPoint\",\"urlTemplate\":\"http:\/\/www.amatustra.de\/fotografie\/?s={search_term_string}\"},\"query-input\":{\"@type\":\"PropertyValueSpecification\",\"valueRequired\":true,\"valueName\":\"search_term_string\"}}],\"inLanguage\":\"de\"},{\"@type\":\"Organization\",\"@id\":\"http:\/\/www.amatustra.de\/fotografie\/#organization\",\"name\":\"amatustra - strickroth & fiege fotografie\",\"url\":\"http:\/\/www.amatustra.de\/fotografie\/\",\"logo\":{\"@type\":\"ImageObject\",\"inLanguage\":\"de\",\"@id\":\"http:\/\/www.amatustra.de\/fotografie\/#\/schema\/logo\/image\/\",\"url\":\"http:\/\/www.amatustra.de\/fotografie\/wp-content\/uploads\/amatustra_fotografie_Logo__black_1338x412px.png\",\"contentUrl\":\"http:\/\/www.amatustra.de\/fotografie\/wp-content\/uploads\/amatustra_fotografie_Logo__black_1338x412px.png\",\"width\":1338,\"height\":412,\"caption\":\"amatustra - strickroth & fiege fotografie\"},\"image\":{\"@id\":\"http:\/\/www.amatustra.de\/fotografie\/#\/schema\/logo\/image\/\"},\"sameAs\":[\"https:\/\/www.facebook.com\/amatustra\",\"https:\/\/de.pinterest.com\/amatustra\/\",\"https:\/\/www.youtube.com\/user\/agency22\"]},{\"@type\":\"Person\",\"@id\":\"http:\/\/www.amatustra.de\/fotografie\/#\/schema\/person\/2adeda2562554bb428a117c8357ec38d\",\"name\":\"agency22\",\"image\":{\"@type\":\"ImageObject\",\"inLanguage\":\"de\",\"@id\":\"http:\/\/www.amatustra.de\/fotografie\/#\/schema\/person\/image\/\",\"url\":\"https:\/\/secure.gravatar.com\/avatar\/a9a1da0268388b67017ef78e6215458cfa21854fedab5b428682b8a2810d9944?s=96&d=mm&r=g\",\"contentUrl\":\"https:\/\/secure.gravatar.com\/avatar\/a9a1da0268388b67017ef78e6215458cfa21854fedab5b428682b8a2810d9944?s=96&d=mm&r=g\",\"caption\":\"agency22\"},\"description\":\"Lifestylephotography Hochzeitfotografie, PR- &amp; Eventfotografie, Schwangerschaftfotografie, Baby-, Kinder- &amp; Familienfotografie, Portrait- &amp; Fashion-Fotografie\"}]}<\/script>\n<!-- \/ Yoast SEO plugin. -->","yoast_head_json":{"title":"Examina - amatustra fotografie |&nbsp;Hochzeitsfotografen &bull;&nbsp;Hochzeitsfilm &bull; Schwangerschaft-, Baby-, Kinder-, Familienfotos &bull;&nbsp;Event- und gewerbliche Fotografie","robots":{"index":"index","follow":"follow","max-snippet":"max-snippet:-1","max-image-preview":"max-image-preview:large","max-video-preview":"max-video-preview:-1"},"canonical":"http:\/\/www.amatustra.de\/fotografie\/examina\/","og_locale":"de_DE","og_type":"article","og_title":"Examina - amatustra fotografie |&nbsp;Hochzeitsfotografen &bull;&nbsp;Hochzeitsfilm &bull; Schwangerschaft-, Baby-, Kinder-, Familienfotos &bull;&nbsp;Event- und gewerbliche Fotografie","og_description":"Als Abschlussarbeit im Rahmen ihres Grafik-Designstudiums verfasste Anke Strickroth ein hochwertiges Buch. Mit der seltenen und aufwendigen Japanischen Bindung f\u00e4llt es sofort ins Auge und ist auch haptisch etwas Besonderes. Dies lag in der Intension der K\u00fcnstlerin. Denn mit dem gew\u00e4hlten Titel \u201eDas Bad. Raum der Sinne.\u201c\u00a0 korrelieren Einband und Inhalt. So ist f\u00fcr jeden [&hellip;]","og_url":"http:\/\/www.amatustra.de\/fotografie\/examina\/","og_site_name":"amatustra fotografie |&nbsp;Hochzeitsfotografen &bull;&nbsp;Hochzeitsfilm &bull; Schwangerschaft-, Baby-, Kinder-, Familienfotos &bull;&nbsp;Event- und gewerbliche Fotografie","article_publisher":"https:\/\/www.facebook.com\/amatustra","article_published_time":"1997-06-21T17:10:42+00:00","article_modified_time":"2013-09-30T08:40:39+00:00","og_image":[{"width":394,"height":210,"url":"http:\/\/www.amatustra.de\/fotografie\/wp-content\/uploads\/2013\/09\/blog_examina_970621.png","type":"image\/png"}],"author":"agency22","twitter_card":"summary_large_image","twitter_misc":{"Verfasst von":"agency22","Gesch\u00e4tzte Lesezeit":"1\u00a0Minute"},"schema":{"@context":"https:\/\/schema.org","@graph":[{"@type":"Article","@id":"http:\/\/www.amatustra.de\/fotografie\/examina\/#article","isPartOf":{"@id":"http:\/\/www.amatustra.de\/fotografie\/examina\/"},"author":{"name":"agency22","@id":"http:\/\/www.amatustra.de\/fotografie\/#\/schema\/person\/2adeda2562554bb428a117c8357ec38d"},"headline":"Examina","datePublished":"1997-06-21T17:10:42+00:00","dateModified":"2013-09-30T08:40:39+00:00","mainEntityOfPage":{"@id":"http:\/\/www.amatustra.de\/fotografie\/examina\/"},"wordCount":199,"publisher":{"@id":"http:\/\/www.amatustra.de\/fotografie\/#organization"},"image":{"@id":"http:\/\/www.amatustra.de\/fotografie\/examina\/#primaryimage"},"thumbnailUrl":"http:\/\/www.amatustra.de\/fotografie\/wp-content\/uploads\/2013\/09\/blog_examina_970621.png","keywords":["wir"],"articleSection":["amatustra","wir"],"inLanguage":"de"},{"@type":"WebPage","@id":"http:\/\/www.amatustra.de\/fotografie\/examina\/","url":"http:\/\/www.amatustra.de\/fotografie\/examina\/","name":"Examina - amatustra fotografie |&nbsp;Hochzeitsfotografen &bull;&nbsp;Hochzeitsfilm &bull; Schwangerschaft-, Baby-, Kinder-, Familienfotos &bull;&nbsp;Event- und gewerbliche Fotografie","isPartOf":{"@id":"http:\/\/www.amatustra.de\/fotografie\/#website"},"primaryImageOfPage":{"@id":"http:\/\/www.amatustra.de\/fotografie\/examina\/#primaryimage"},"image":{"@id":"http:\/\/www.amatustra.de\/fotografie\/examina\/#primaryimage"},"thumbnailUrl":"http:\/\/www.amatustra.de\/fotografie\/wp-content\/uploads\/2013\/09\/blog_examina_970621.png","datePublished":"1997-06-21T17:10:42+00:00","dateModified":"2013-09-30T08:40:39+00:00","breadcrumb":{"@id":"http:\/\/www.amatustra.de\/fotografie\/examina\/#breadcrumb"},"inLanguage":"de","potentialAction":[{"@type":"ReadAction","target":["http:\/\/www.amatustra.de\/fotografie\/examina\/"]}]},{"@type":"ImageObject","inLanguage":"de","@id":"http:\/\/www.amatustra.de\/fotografie\/examina\/#primaryimage","url":"http:\/\/www.amatustra.de\/fotografie\/wp-content\/uploads\/2013\/09\/blog_examina_970621.png","contentUrl":"http:\/\/www.amatustra.de\/fotografie\/wp-content\/uploads\/2013\/09\/blog_examina_970621.png","width":394,"height":210},{"@type":"BreadcrumbList","@id":"http:\/\/www.amatustra.de\/fotografie\/examina\/#breadcrumb","itemListElement":[{"@type":"ListItem","position":1,"name":"Startseite","item":"http:\/\/www.amatustra.de\/fotografie\/"},{"@type":"ListItem","position":2,"name":"Examina"}]},{"@type":"WebSite","@id":"http:\/\/www.amatustra.de\/fotografie\/#website","url":"http:\/\/www.amatustra.de\/fotografie\/","name":"amatustra fotografie |&nbsp;Hochzeitsfotografen &bull;&nbsp;Hochzeitsfilm &bull; Schwangerschaft-, Baby-, Kinder-, Familienfotos &bull;&nbsp;Event- und gewerbliche Fotografie","description":"","publisher":{"@id":"http:\/\/www.amatustra.de\/fotografie\/#organization"},"potentialAction":[{"@type":"SearchAction","target":{"@type":"EntryPoint","urlTemplate":"http:\/\/www.amatustra.de\/fotografie\/?s={search_term_string}"},"query-input":{"@type":"PropertyValueSpecification","valueRequired":true,"valueName":"search_term_string"}}],"inLanguage":"de"},{"@type":"Organization","@id":"http:\/\/www.amatustra.de\/fotografie\/#organization","name":"amatustra - strickroth & fiege fotografie","url":"http:\/\/www.amatustra.de\/fotografie\/","logo":{"@type":"ImageObject","inLanguage":"de","@id":"http:\/\/www.amatustra.de\/fotografie\/#\/schema\/logo\/image\/","url":"http:\/\/www.amatustra.de\/fotografie\/wp-content\/uploads\/amatustra_fotografie_Logo__black_1338x412px.png","contentUrl":"http:\/\/www.amatustra.de\/fotografie\/wp-content\/uploads\/amatustra_fotografie_Logo__black_1338x412px.png","width":1338,"height":412,"caption":"amatustra - strickroth & fiege fotografie"},"image":{"@id":"http:\/\/www.amatustra.de\/fotografie\/#\/schema\/logo\/image\/"},"sameAs":["https:\/\/www.facebook.com\/amatustra","https:\/\/de.pinterest.com\/amatustra\/","https:\/\/www.youtube.com\/user\/agency22"]},{"@type":"Person","@id":"http:\/\/www.amatustra.de\/fotografie\/#\/schema\/person\/2adeda2562554bb428a117c8357ec38d","name":"agency22","image":{"@type":"ImageObject","inLanguage":"de","@id":"http:\/\/www.amatustra.de\/fotografie\/#\/schema\/person\/image\/","url":"https:\/\/secure.gravatar.com\/avatar\/a9a1da0268388b67017ef78e6215458cfa21854fedab5b428682b8a2810d9944?s=96&d=mm&r=g","contentUrl":"https:\/\/secure.gravatar.com\/avatar\/a9a1da0268388b67017ef78e6215458cfa21854fedab5b428682b8a2810d9944?s=96&d=mm&r=g","caption":"agency22"},"description":"Lifestylephotography Hochzeitfotografie, PR- &amp; Eventfotografie, Schwangerschaftfotografie, Baby-, Kinder- &amp; Familienfotografie, Portrait- &amp; Fashion-Fotografie"}]}},"_links":{"self":[{"href":"http:\/\/www.amatustra.de\/fotografie\/wp-json\/wp\/v2\/posts\/532","targetHints":{"allow":["GET"]}}],"collection":[{"href":"http:\/\/www.amatustra.de\/fotografie\/wp-json\/wp\/v2\/posts"}],"about":[{"href":"http:\/\/www.amatustra.de\/fotografie\/wp-json\/wp\/v2\/types\/post"}],"author":[{"embeddable":true,"href":"http:\/\/www.amatustra.de\/fotografie\/wp-json\/wp\/v2\/users\/1"}],"replies":[{"embeddable":true,"href":"http:\/\/www.amatustra.de\/fotografie\/wp-json\/wp\/v2\/comments?post=532"}],"version-history":[{"count":1,"href":"http:\/\/www.amatustra.de\/fotografie\/wp-json\/wp\/v2\/posts\/532\/revisions"}],"predecessor-version":[{"id":534,"href":"http:\/\/www.amatustra.de\/fotografie\/wp-json\/wp\/v2\/posts\/532\/revisions\/534"}],"wp:featuredmedia":[{"embeddable":true,"href":"http:\/\/www.amatustra.de\/fotografie\/wp-json\/wp\/v2\/media\/533"}],"wp:attachment":[{"href":"http:\/\/www.amatustra.de\/fotografie\/wp-json\/wp\/v2\/media?parent=532"}],"wp:term":[{"taxonomy":"category","embeddable":true,"href":"http:\/\/www.amatustra.de\/fotografie\/wp-json\/wp\/v2\/categories?post=532"},{"taxonomy":"post_tag","embeddable":true,"href":"http:\/\/www.amatustra.de\/fotografie\/wp-json\/wp\/v2\/tags?post=532"}],"curies":[{"name":"wp","href":"https:\/\/api.w.org\/{rel}","templated":true}]}}