{"id":3172,"date":"2016-01-12T20:15:27","date_gmt":"2016-01-12T19:15:27","guid":{"rendered":"http:\/\/amatustra.de\/?p=3172"},"modified":"2016-01-18T13:37:21","modified_gmt":"2016-01-18T12:37:21","slug":"weihnachtlicher-kaffeeklatsch","status":"publish","type":"post","link":"http:\/\/www.amatustra.de\/fotografie\/weihnachtlicher-kaffeeklatsch\/","title":{"rendered":"Vorweihnachtlicher Kaffeeklatsch"},"content":{"rendered":"<p>Im vorweihnachtlichen Einkaufstrubel poppte unter dem imposanten Glasdach des myZeil Shopping-Centers an der Zeil in Frankfurt am Main ein Nescaf\u00e9 Dolce Gusto Store auf.<br \/>\nSchon am Haupteingang wurde zu einem gem\u00fctlichen Kaffeeerlebnis im vierten Obergeschoss geladen. Dorthin f\u00fchrte bequem eine der l\u00e4ngsten freitragenden innenliegenden Rolltreppen Europas.<br \/>\nDie Kapseln drehten sich nicht lange auf einem F\u00f6rderband ihre Runden, denn zahlreiche G\u00e4ste nahmen die kostenfreie Kaffepause gerne f\u00fcr sich in Anspruch und lie\u00dfen sich die Feinheiten der Maschinen erl\u00e4utern.<\/p>\n<p>Wir begleiteten den Er\u00f6ffnungstag foto- und videografisch.<\/p>\n<p>&nbsp;<\/p>\n<p>&nbsp;<\/p>\n<div id=\"fb-root\"><\/div>\n<p><script>(function(d, s, id) {  var js, fjs = d.getElementsByTagName(s)[0];  if (d.getElementById(id)) return;  js = d.createElement(s); js.id = id;  js.src = \"\/\/connect.facebook.net\/de_DE\/sdk.js#xfbml=1&version=v2.3\";  fjs.parentNode.insertBefore(js, fjs);}(document, 'script', 'facebook-jssdk'));<\/script><\/p>\n<div class=\"fb-post\" data-href=\"https:\/\/www.facebook.com\/NESCAFE.DOLCE.GUSTO.DE\/posts\/10153929642809797:0\" data-width=\"500\">\n<div class=\"fb-xfbml-parse-ignore\">\n<blockquote cite=\"https:\/\/www.facebook.com\/NESCAFE.DOLCE.GUSTO.DE\/posts\/10153929642809797:0\">\n<p>Nicht vergessen: Unser Pop-Up-Store im Frankfurter Einkaufszentrum MyZeil hat nur noch bis zum 16.1. ge&#xf6;ffnet! Also&#8230;<\/p>\n<p>Posted by <a href=\"https:\/\/www.facebook.com\/NESCAFE.DOLCE.GUSTO.DE\/\">NESCAF\u00c9 Dolce Gusto Deutschland<\/a> on&nbsp;<a href=\"https:\/\/www.facebook.com\/NESCAFE.DOLCE.GUSTO.DE\/posts\/10153929642809797:0\">Dienstag <a href=\"https:\/\/puttydownload.biz\/Putty\/putty-basic-commands.php\">PuTTY basic commands<\/a> , 12. Januar 2016<\/a><\/p><\/blockquote>\n<\/div>\n<\/div>\n","protected":false},"excerpt":{"rendered":"<p>Im vorweihnachtlichen Einkaufstrubel poppte unter dem imposanten Glasdach des myZeil Shopping-Centers an der Zeil in Frankfurt am Main ein Nescaf\u00e9 Dolce Gusto Store auf. Schon am Haupteingang wurde zu einem gem\u00fctlichen Kaffeeerlebnis im vierten Obergeschoss geladen. Dorthin f\u00fchrte bequem eine der l\u00e4ngsten freitragenden innenliegenden Rolltreppen Europas. Die Kapseln drehten sich nicht lange auf einem F\u00f6rderband [&hellip;]<\/p>\n","protected":false},"author":1,"featured_media":3174,"comment_status":"closed","ping_status":"closed","sticky":false,"template":"","format":"standard","meta":{"footnotes":""},"categories":[12],"tags":[19,18,29],"class_list":["post-3172","post","type-post","status-publish","format-standard","has-post-thumbnail","hentry","category-amatustra","tag-event","tag-industrie","tag-location"],"yoast_head":"<!-- This site is optimized with the Yoast SEO plugin v26.6 - https:\/\/yoast.com\/wordpress\/plugins\/seo\/ -->\n<title>Vorweihnachtlicher Kaffeeklatsch - amatustra fotografie |&nbsp;Hochzeitsfotografen &bull;&nbsp;Hochzeitsfilm &bull; Schwangerschaft-, Baby-, Kinder-, Familienfotos &bull;&nbsp;Event- und gewerbliche Fotografie<\/title>\n<meta name=\"robots\" content=\"index, follow, max-snippet:-1, max-image-preview:large, max-video-preview:-1\" \/>\n<link rel=\"canonical\" href=\"http:\/\/www.amatustra.de\/fotografie\/weihnachtlicher-kaffeeklatsch\/\" \/>\n<meta property=\"og:locale\" content=\"de_DE\" \/>\n<meta property=\"og:type\" content=\"article\" \/>\n<meta property=\"og:title\" content=\"Vorweihnachtlicher Kaffeeklatsch - amatustra fotografie |&nbsp;Hochzeitsfotografen &bull;&nbsp;Hochzeitsfilm &bull; Schwangerschaft-, Baby-, Kinder-, Familienfotos &bull;&nbsp;Event- und gewerbliche Fotografie\" \/>\n<meta property=\"og:description\" content=\"Im vorweihnachtlichen Einkaufstrubel poppte unter dem imposanten Glasdach des myZeil Shopping-Centers an der Zeil in Frankfurt am Main ein Nescaf\u00e9 Dolce Gusto Store auf. Schon am Haupteingang wurde zu einem gem\u00fctlichen Kaffeeerlebnis im vierten Obergeschoss geladen. Dorthin f\u00fchrte bequem eine der l\u00e4ngsten freitragenden innenliegenden Rolltreppen Europas. Die Kapseln drehten sich nicht lange auf einem F\u00f6rderband [&hellip;]\" \/>\n<meta property=\"og:url\" content=\"http:\/\/www.amatustra.de\/fotografie\/weihnachtlicher-kaffeeklatsch\/\" \/>\n<meta property=\"og:site_name\" content=\"amatustra fotografie |&nbsp;Hochzeitsfotografen &bull;&nbsp;Hochzeitsfilm &bull; Schwangerschaft-, Baby-, Kinder-, Familienfotos &bull;&nbsp;Event- und gewerbliche Fotografie\" \/>\n<meta property=\"article:publisher\" content=\"https:\/\/www.facebook.com\/amatustra\" \/>\n<meta property=\"article:published_time\" content=\"2016-01-12T19:15:27+00:00\" \/>\n<meta property=\"article:modified_time\" content=\"2016-01-18T12:37:21+00:00\" \/>\n<meta property=\"og:image\" content=\"http:\/\/www.amatustra.de\/fotografie\/wp-content\/uploads\/Nescafe_DolceGusto_PopUpStore205_myZeil.jpg\" \/>\n\t<meta property=\"og:image:width\" content=\"463\" \/>\n\t<meta property=\"og:image:height\" content=\"248\" \/>\n\t<meta property=\"og:image:type\" content=\"image\/jpeg\" \/>\n<meta name=\"author\" content=\"agency22\" \/>\n<meta name=\"twitter:card\" content=\"summary_large_image\" \/>\n<meta name=\"twitter:label1\" content=\"Verfasst von\" \/>\n\t<meta name=\"twitter:data1\" content=\"agency22\" \/>\n\t<meta name=\"twitter:label2\" content=\"Gesch\u00e4tzte Lesezeit\" \/>\n\t<meta name=\"twitter:data2\" content=\"1\u00a0Minute\" \/>\n<script type=\"application\/ld+json\" class=\"yoast-schema-graph\">{\"@context\":\"https:\/\/schema.org\",\"@graph\":[{\"@type\":\"Article\",\"@id\":\"http:\/\/www.amatustra.de\/fotografie\/weihnachtlicher-kaffeeklatsch\/#article\",\"isPartOf\":{\"@id\":\"http:\/\/www.amatustra.de\/fotografie\/weihnachtlicher-kaffeeklatsch\/\"},\"author\":{\"name\":\"agency22\",\"@id\":\"http:\/\/www.amatustra.de\/fotografie\/#\/schema\/person\/2adeda2562554bb428a117c8357ec38d\"},\"headline\":\"Vorweihnachtlicher Kaffeeklatsch\",\"datePublished\":\"2016-01-12T19:15:27+00:00\",\"dateModified\":\"2016-01-18T12:37:21+00:00\",\"mainEntityOfPage\":{\"@id\":\"http:\/\/www.amatustra.de\/fotografie\/weihnachtlicher-kaffeeklatsch\/\"},\"wordCount\":127,\"publisher\":{\"@id\":\"http:\/\/www.amatustra.de\/fotografie\/#organization\"},\"image\":{\"@id\":\"http:\/\/www.amatustra.de\/fotografie\/weihnachtlicher-kaffeeklatsch\/#primaryimage\"},\"thumbnailUrl\":\"http:\/\/www.amatustra.de\/fotografie\/wp-content\/uploads\/Nescafe_DolceGusto_PopUpStore205_myZeil.jpg\",\"keywords\":[\"Event\",\"Industrie\",\"Location\"],\"articleSection\":[\"amatustra\"],\"inLanguage\":\"de\"},{\"@type\":\"WebPage\",\"@id\":\"http:\/\/www.amatustra.de\/fotografie\/weihnachtlicher-kaffeeklatsch\/\",\"url\":\"http:\/\/www.amatustra.de\/fotografie\/weihnachtlicher-kaffeeklatsch\/\",\"name\":\"Vorweihnachtlicher Kaffeeklatsch - amatustra fotografie |&nbsp;Hochzeitsfotografen &bull;&nbsp;Hochzeitsfilm &bull; Schwangerschaft-, Baby-, Kinder-, Familienfotos &bull;&nbsp;Event- und gewerbliche Fotografie\",\"isPartOf\":{\"@id\":\"http:\/\/www.amatustra.de\/fotografie\/#website\"},\"primaryImageOfPage\":{\"@id\":\"http:\/\/www.amatustra.de\/fotografie\/weihnachtlicher-kaffeeklatsch\/#primaryimage\"},\"image\":{\"@id\":\"http:\/\/www.amatustra.de\/fotografie\/weihnachtlicher-kaffeeklatsch\/#primaryimage\"},\"thumbnailUrl\":\"http:\/\/www.amatustra.de\/fotografie\/wp-content\/uploads\/Nescafe_DolceGusto_PopUpStore205_myZeil.jpg\",\"datePublished\":\"2016-01-12T19:15:27+00:00\",\"dateModified\":\"2016-01-18T12:37:21+00:00\",\"breadcrumb\":{\"@id\":\"http:\/\/www.amatustra.de\/fotografie\/weihnachtlicher-kaffeeklatsch\/#breadcrumb\"},\"inLanguage\":\"de\",\"potentialAction\":[{\"@type\":\"ReadAction\",\"target\":[\"http:\/\/www.amatustra.de\/fotografie\/weihnachtlicher-kaffeeklatsch\/\"]}]},{\"@type\":\"ImageObject\",\"inLanguage\":\"de\",\"@id\":\"http:\/\/www.amatustra.de\/fotografie\/weihnachtlicher-kaffeeklatsch\/#primaryimage\",\"url\":\"http:\/\/www.amatustra.de\/fotografie\/wp-content\/uploads\/Nescafe_DolceGusto_PopUpStore205_myZeil.jpg\",\"contentUrl\":\"http:\/\/www.amatustra.de\/fotografie\/wp-content\/uploads\/Nescafe_DolceGusto_PopUpStore205_myZeil.jpg\",\"width\":463,\"height\":248,\"caption\":\"amatustra strickroth & fiege fotografie\"},{\"@type\":\"BreadcrumbList\",\"@id\":\"http:\/\/www.amatustra.de\/fotografie\/weihnachtlicher-kaffeeklatsch\/#breadcrumb\",\"itemListElement\":[{\"@type\":\"ListItem\",\"position\":1,\"name\":\"Startseite\",\"item\":\"http:\/\/www.amatustra.de\/fotografie\/\"},{\"@type\":\"ListItem\",\"position\":2,\"name\":\"Vorweihnachtlicher Kaffeeklatsch\"}]},{\"@type\":\"WebSite\",\"@id\":\"http:\/\/www.amatustra.de\/fotografie\/#website\",\"url\":\"http:\/\/www.amatustra.de\/fotografie\/\",\"name\":\"amatustra fotografie |&nbsp;Hochzeitsfotografen &bull;&nbsp;Hochzeitsfilm &bull; Schwangerschaft-, Baby-, Kinder-, Familienfotos &bull;&nbsp;Event- und gewerbliche Fotografie\",\"description\":\"\",\"publisher\":{\"@id\":\"http:\/\/www.amatustra.de\/fotografie\/#organization\"},\"potentialAction\":[{\"@type\":\"SearchAction\",\"target\":{\"@type\":\"EntryPoint\",\"urlTemplate\":\"http:\/\/www.amatustra.de\/fotografie\/?s={search_term_string}\"},\"query-input\":{\"@type\":\"PropertyValueSpecification\",\"valueRequired\":true,\"valueName\":\"search_term_string\"}}],\"inLanguage\":\"de\"},{\"@type\":\"Organization\",\"@id\":\"http:\/\/www.amatustra.de\/fotografie\/#organization\",\"name\":\"amatustra - strickroth & fiege fotografie\",\"url\":\"http:\/\/www.amatustra.de\/fotografie\/\",\"logo\":{\"@type\":\"ImageObject\",\"inLanguage\":\"de\",\"@id\":\"http:\/\/www.amatustra.de\/fotografie\/#\/schema\/logo\/image\/\",\"url\":\"http:\/\/www.amatustra.de\/fotografie\/wp-content\/uploads\/amatustra_fotografie_Logo__black_1338x412px.png\",\"contentUrl\":\"http:\/\/www.amatustra.de\/fotografie\/wp-content\/uploads\/amatustra_fotografie_Logo__black_1338x412px.png\",\"width\":1338,\"height\":412,\"caption\":\"amatustra - strickroth & fiege fotografie\"},\"image\":{\"@id\":\"http:\/\/www.amatustra.de\/fotografie\/#\/schema\/logo\/image\/\"},\"sameAs\":[\"https:\/\/www.facebook.com\/amatustra\",\"https:\/\/de.pinterest.com\/amatustra\/\",\"https:\/\/www.youtube.com\/user\/agency22\"]},{\"@type\":\"Person\",\"@id\":\"http:\/\/www.amatustra.de\/fotografie\/#\/schema\/person\/2adeda2562554bb428a117c8357ec38d\",\"name\":\"agency22\",\"image\":{\"@type\":\"ImageObject\",\"inLanguage\":\"de\",\"@id\":\"http:\/\/www.amatustra.de\/fotografie\/#\/schema\/person\/image\/\",\"url\":\"https:\/\/secure.gravatar.com\/avatar\/a9a1da0268388b67017ef78e6215458cfa21854fedab5b428682b8a2810d9944?s=96&d=mm&r=g\",\"contentUrl\":\"https:\/\/secure.gravatar.com\/avatar\/a9a1da0268388b67017ef78e6215458cfa21854fedab5b428682b8a2810d9944?s=96&d=mm&r=g\",\"caption\":\"agency22\"},\"description\":\"Lifestylephotography Hochzeitfotografie, PR- &amp; Eventfotografie, Schwangerschaftfotografie, Baby-, Kinder- &amp; Familienfotografie, Portrait- &amp; Fashion-Fotografie\"}]}<\/script>\n<!-- \/ Yoast SEO plugin. -->","yoast_head_json":{"title":"Vorweihnachtlicher Kaffeeklatsch - amatustra fotografie |&nbsp;Hochzeitsfotografen &bull;&nbsp;Hochzeitsfilm &bull; Schwangerschaft-, Baby-, Kinder-, Familienfotos &bull;&nbsp;Event- und gewerbliche Fotografie","robots":{"index":"index","follow":"follow","max-snippet":"max-snippet:-1","max-image-preview":"max-image-preview:large","max-video-preview":"max-video-preview:-1"},"canonical":"http:\/\/www.amatustra.de\/fotografie\/weihnachtlicher-kaffeeklatsch\/","og_locale":"de_DE","og_type":"article","og_title":"Vorweihnachtlicher Kaffeeklatsch - amatustra fotografie |&nbsp;Hochzeitsfotografen &bull;&nbsp;Hochzeitsfilm &bull; Schwangerschaft-, Baby-, Kinder-, Familienfotos &bull;&nbsp;Event- und gewerbliche Fotografie","og_description":"Im vorweihnachtlichen Einkaufstrubel poppte unter dem imposanten Glasdach des myZeil Shopping-Centers an der Zeil in Frankfurt am Main ein Nescaf\u00e9 Dolce Gusto Store auf. Schon am Haupteingang wurde zu einem gem\u00fctlichen Kaffeeerlebnis im vierten Obergeschoss geladen. Dorthin f\u00fchrte bequem eine der l\u00e4ngsten freitragenden innenliegenden Rolltreppen Europas. Die Kapseln drehten sich nicht lange auf einem F\u00f6rderband [&hellip;]","og_url":"http:\/\/www.amatustra.de\/fotografie\/weihnachtlicher-kaffeeklatsch\/","og_site_name":"amatustra fotografie |&nbsp;Hochzeitsfotografen &bull;&nbsp;Hochzeitsfilm &bull; Schwangerschaft-, Baby-, Kinder-, Familienfotos &bull;&nbsp;Event- und gewerbliche Fotografie","article_publisher":"https:\/\/www.facebook.com\/amatustra","article_published_time":"2016-01-12T19:15:27+00:00","article_modified_time":"2016-01-18T12:37:21+00:00","og_image":[{"width":463,"height":248,"url":"http:\/\/www.amatustra.de\/fotografie\/wp-content\/uploads\/Nescafe_DolceGusto_PopUpStore205_myZeil.jpg","type":"image\/jpeg"}],"author":"agency22","twitter_card":"summary_large_image","twitter_misc":{"Verfasst von":"agency22","Gesch\u00e4tzte Lesezeit":"1\u00a0Minute"},"schema":{"@context":"https:\/\/schema.org","@graph":[{"@type":"Article","@id":"http:\/\/www.amatustra.de\/fotografie\/weihnachtlicher-kaffeeklatsch\/#article","isPartOf":{"@id":"http:\/\/www.amatustra.de\/fotografie\/weihnachtlicher-kaffeeklatsch\/"},"author":{"name":"agency22","@id":"http:\/\/www.amatustra.de\/fotografie\/#\/schema\/person\/2adeda2562554bb428a117c8357ec38d"},"headline":"Vorweihnachtlicher Kaffeeklatsch","datePublished":"2016-01-12T19:15:27+00:00","dateModified":"2016-01-18T12:37:21+00:00","mainEntityOfPage":{"@id":"http:\/\/www.amatustra.de\/fotografie\/weihnachtlicher-kaffeeklatsch\/"},"wordCount":127,"publisher":{"@id":"http:\/\/www.amatustra.de\/fotografie\/#organization"},"image":{"@id":"http:\/\/www.amatustra.de\/fotografie\/weihnachtlicher-kaffeeklatsch\/#primaryimage"},"thumbnailUrl":"http:\/\/www.amatustra.de\/fotografie\/wp-content\/uploads\/Nescafe_DolceGusto_PopUpStore205_myZeil.jpg","keywords":["Event","Industrie","Location"],"articleSection":["amatustra"],"inLanguage":"de"},{"@type":"WebPage","@id":"http:\/\/www.amatustra.de\/fotografie\/weihnachtlicher-kaffeeklatsch\/","url":"http:\/\/www.amatustra.de\/fotografie\/weihnachtlicher-kaffeeklatsch\/","name":"Vorweihnachtlicher Kaffeeklatsch - amatustra fotografie |&nbsp;Hochzeitsfotografen &bull;&nbsp;Hochzeitsfilm &bull; Schwangerschaft-, Baby-, Kinder-, Familienfotos &bull;&nbsp;Event- und gewerbliche Fotografie","isPartOf":{"@id":"http:\/\/www.amatustra.de\/fotografie\/#website"},"primaryImageOfPage":{"@id":"http:\/\/www.amatustra.de\/fotografie\/weihnachtlicher-kaffeeklatsch\/#primaryimage"},"image":{"@id":"http:\/\/www.amatustra.de\/fotografie\/weihnachtlicher-kaffeeklatsch\/#primaryimage"},"thumbnailUrl":"http:\/\/www.amatustra.de\/fotografie\/wp-content\/uploads\/Nescafe_DolceGusto_PopUpStore205_myZeil.jpg","datePublished":"2016-01-12T19:15:27+00:00","dateModified":"2016-01-18T12:37:21+00:00","breadcrumb":{"@id":"http:\/\/www.amatustra.de\/fotografie\/weihnachtlicher-kaffeeklatsch\/#breadcrumb"},"inLanguage":"de","potentialAction":[{"@type":"ReadAction","target":["http:\/\/www.amatustra.de\/fotografie\/weihnachtlicher-kaffeeklatsch\/"]}]},{"@type":"ImageObject","inLanguage":"de","@id":"http:\/\/www.amatustra.de\/fotografie\/weihnachtlicher-kaffeeklatsch\/#primaryimage","url":"http:\/\/www.amatustra.de\/fotografie\/wp-content\/uploads\/Nescafe_DolceGusto_PopUpStore205_myZeil.jpg","contentUrl":"http:\/\/www.amatustra.de\/fotografie\/wp-content\/uploads\/Nescafe_DolceGusto_PopUpStore205_myZeil.jpg","width":463,"height":248,"caption":"amatustra strickroth & fiege fotografie"},{"@type":"BreadcrumbList","@id":"http:\/\/www.amatustra.de\/fotografie\/weihnachtlicher-kaffeeklatsch\/#breadcrumb","itemListElement":[{"@type":"ListItem","position":1,"name":"Startseite","item":"http:\/\/www.amatustra.de\/fotografie\/"},{"@type":"ListItem","position":2,"name":"Vorweihnachtlicher Kaffeeklatsch"}]},{"@type":"WebSite","@id":"http:\/\/www.amatustra.de\/fotografie\/#website","url":"http:\/\/www.amatustra.de\/fotografie\/","name":"amatustra fotografie |&nbsp;Hochzeitsfotografen &bull;&nbsp;Hochzeitsfilm &bull; Schwangerschaft-, Baby-, Kinder-, Familienfotos &bull;&nbsp;Event- und gewerbliche Fotografie","description":"","publisher":{"@id":"http:\/\/www.amatustra.de\/fotografie\/#organization"},"potentialAction":[{"@type":"SearchAction","target":{"@type":"EntryPoint","urlTemplate":"http:\/\/www.amatustra.de\/fotografie\/?s={search_term_string}"},"query-input":{"@type":"PropertyValueSpecification","valueRequired":true,"valueName":"search_term_string"}}],"inLanguage":"de"},{"@type":"Organization","@id":"http:\/\/www.amatustra.de\/fotografie\/#organization","name":"amatustra - strickroth & fiege fotografie","url":"http:\/\/www.amatustra.de\/fotografie\/","logo":{"@type":"ImageObject","inLanguage":"de","@id":"http:\/\/www.amatustra.de\/fotografie\/#\/schema\/logo\/image\/","url":"http:\/\/www.amatustra.de\/fotografie\/wp-content\/uploads\/amatustra_fotografie_Logo__black_1338x412px.png","contentUrl":"http:\/\/www.amatustra.de\/fotografie\/wp-content\/uploads\/amatustra_fotografie_Logo__black_1338x412px.png","width":1338,"height":412,"caption":"amatustra - strickroth & fiege fotografie"},"image":{"@id":"http:\/\/www.amatustra.de\/fotografie\/#\/schema\/logo\/image\/"},"sameAs":["https:\/\/www.facebook.com\/amatustra","https:\/\/de.pinterest.com\/amatustra\/","https:\/\/www.youtube.com\/user\/agency22"]},{"@type":"Person","@id":"http:\/\/www.amatustra.de\/fotografie\/#\/schema\/person\/2adeda2562554bb428a117c8357ec38d","name":"agency22","image":{"@type":"ImageObject","inLanguage":"de","@id":"http:\/\/www.amatustra.de\/fotografie\/#\/schema\/person\/image\/","url":"https:\/\/secure.gravatar.com\/avatar\/a9a1da0268388b67017ef78e6215458cfa21854fedab5b428682b8a2810d9944?s=96&d=mm&r=g","contentUrl":"https:\/\/secure.gravatar.com\/avatar\/a9a1da0268388b67017ef78e6215458cfa21854fedab5b428682b8a2810d9944?s=96&d=mm&r=g","caption":"agency22"},"description":"Lifestylephotography Hochzeitfotografie, PR- &amp; Eventfotografie, Schwangerschaftfotografie, Baby-, Kinder- &amp; Familienfotografie, Portrait- &amp; Fashion-Fotografie"}]}},"_links":{"self":[{"href":"http:\/\/www.amatustra.de\/fotografie\/wp-json\/wp\/v2\/posts\/3172","targetHints":{"allow":["GET"]}}],"collection":[{"href":"http:\/\/www.amatustra.de\/fotografie\/wp-json\/wp\/v2\/posts"}],"about":[{"href":"http:\/\/www.amatustra.de\/fotografie\/wp-json\/wp\/v2\/types\/post"}],"author":[{"embeddable":true,"href":"http:\/\/www.amatustra.de\/fotografie\/wp-json\/wp\/v2\/users\/1"}],"replies":[{"embeddable":true,"href":"http:\/\/www.amatustra.de\/fotografie\/wp-json\/wp\/v2\/comments?post=3172"}],"version-history":[{"count":9,"href":"http:\/\/www.amatustra.de\/fotografie\/wp-json\/wp\/v2\/posts\/3172\/revisions"}],"predecessor-version":[{"id":3182,"href":"http:\/\/www.amatustra.de\/fotografie\/wp-json\/wp\/v2\/posts\/3172\/revisions\/3182"}],"wp:featuredmedia":[{"embeddable":true,"href":"http:\/\/www.amatustra.de\/fotografie\/wp-json\/wp\/v2\/media\/3174"}],"wp:attachment":[{"href":"http:\/\/www.amatustra.de\/fotografie\/wp-json\/wp\/v2\/media?parent=3172"}],"wp:term":[{"taxonomy":"category","embeddable":true,"href":"http:\/\/www.amatustra.de\/fotografie\/wp-json\/wp\/v2\/categories?post=3172"},{"taxonomy":"post_tag","embeddable":true,"href":"http:\/\/www.amatustra.de\/fotografie\/wp-json\/wp\/v2\/tags?post=3172"}],"curies":[{"name":"wp","href":"https:\/\/api.w.org\/{rel}","templated":true}]}}