{"id":2761,"date":"2015-07-23T10:00:00","date_gmt":"2015-07-23T08:00:00","guid":{"rendered":"http:\/\/amatustra.de\/?p=2761"},"modified":"2015-07-23T10:20:02","modified_gmt":"2015-07-23T08:20:02","slug":"available-light","status":"publish","type":"post","link":"http:\/\/www.amatustra.de\/fotografie\/available-light\/","title":{"rendered":"Available Light"},"content":{"rendered":"<p>Atmosph\u00e4re entsteht auf Fotos durch die Perspektive, den Umgang mit der (Tiefen-)Sch\u00e4rfe und der (erzeugten) Lichtstimmung.<br \/>\nIst die Lichtgestaltung ein flankierendes Element, darf sie bei der fotografischen Darstellung nicht vernachl\u00e4ssigt werden. Bei Momentaufnahmen eines Events hat das vorherrschende Licht zudem eine relevante Gr\u00f6\u00dfe, denn es verleiht dem Ereignis die Stimmung.<\/p>\n<p>Anke und ich nutzen sehr gerne bei unserer Fotografie das <em>available light<\/em>, auch <em>ambient light<\/em> genannt.<br \/>\nGerade bei Events definieren wir den Raumcharakter sehr treffend ohne zus\u00e4tzliches Licht.<\/p>\n<p>Bei der Hochzeitsfotografie k\u00f6nnen wir durch gutes Equipment auch in herausfordernden Stituationen ebenfalls h\u00e4ufig auf den Blitz verzichten oder ihn gezielt und reduziert als &#8222;Verst\u00e4rkung&#8220; einsetzen.<\/p>\n<p>Die Ausnutzung des <em>ambient lights<\/em> hat nat\u00fcrlich seine Grenzen.<br \/>\nIst aber ausreichend Licht vorhanden, entstehen authentische Bilder mit ihrer ureigenen Magie des Augenblicks.<\/p>\n<p>&nbsp;<\/p>\n<p><img loading=\"lazy\" decoding=\"async\" class=\"so-widget-image\" style=\"max-width: 100%; height: auto; display: block;\" src=\"http:\/\/amatustra.de\/fotografie\/wp-content\/uploads\/blog_AmbientLigh_03_amatustra.jpg\" alt=\"\" width=\"400\" height=\"266\" \/> <img loading=\"lazy\" decoding=\"async\" class=\"so-widget-image\" style=\"max-width: 100%; height: auto; display: block;\" src=\"http:\/\/amatustra.de\/fotografie\/wp-content\/uploads\/blog_AmbientLigh_04_amatustra.jpg\" alt=\"\" width=\"400\" height=\"266\" \/> <img loading=\"lazy\" decoding=\"async\" class=\"so-widget-image\" style=\"max-width: 100%; height: auto; display: block;\" src=\"http:\/\/amatustra.de\/fotografie\/wp-content\/uploads\/blog_AmbientLigh_05_amatustra.jpg\" alt=\"\" width=\"400\" height=\"266\" \/> <img loading=\"lazy\" decoding=\"async\" class=\"so-widget-image\" style=\"max-width: 100%; height: auto; display: block;\" src=\"http:\/\/amatustra.de\/fotografie\/wp-content\/uploads\/blog_AmbientLigh_07_amatustra.jpg\" alt=\"\" width=\"400\" height=\"266\" \/> <img loading=\"lazy\" decoding=\"async\" class=\"so-widget-image\" style=\"max-width: 100%; height: auto; display: block;\" src=\"http:\/\/amatustra.de\/fotografie\/wp-content\/uploads\/blog_AmbientLigh_02_amatustra.jpg\" alt=\"\" width=\"400\" height=\"266\" \/> <img loading=\"lazy\" decoding=\"async\" class=\"so-widget-image\" style=\"max-width: 100%; height: auto; display: block;\" src=\"http:\/\/amatustra.de\/fotografie\/wp-content\/uploads\/blog_AmbientLigh_01_amatustra.jpg\" alt=\"\" width=\"400\" height=\"266\" \/> <img loading=\"lazy\" decoding=\"async\" class=\"so-widget-image\" style=\"max-width: 100%; height: auto; display: block;\" src=\"http:\/\/amatustra.de\/fotografie\/wp-content\/uploads\/blog_AmbientLigh_08_amatustra.jpg\" alt=\"\" width=\"400\" height=\"266\" \/> <img loading=\"lazy\" decoding=\"async\" class=\"so-widget-image\" style=\"max-width: 100%; height: auto; display: block;\" src=\"http:\/\/amatustra.de\/fotografie\/wp-content\/uploads\/blog_AmbientLigh_06_amatustra.jpg\" alt=\"\" width=\"400\" height=\"266\" \/><\/p>\n","protected":false},"excerpt":{"rendered":"<p>Atmosph\u00e4re entsteht auf Fotos durch die Perspektive, den Umgang mit der (Tiefen-)Sch\u00e4rfe und der (erzeugten) Lichtstimmung. Ist die Lichtgestaltung ein flankierendes Element, darf sie bei der fotografischen Darstellung nicht vernachl\u00e4ssigt werden. Bei Momentaufnahmen eines Events hat das vorherrschende Licht zudem eine relevante Gr\u00f6\u00dfe, denn es verleiht dem Ereignis die Stimmung. Anke und ich nutzen sehr [&hellip;]<\/p>\n","protected":false},"author":1,"featured_media":2765,"comment_status":"closed","ping_status":"closed","sticky":false,"template":"","format":"standard","meta":{"footnotes":""},"categories":[12,43,8,10,14],"tags":[],"class_list":["post-2761","post","type-post","status-publish","format-standard","has-post-thumbnail","hentry","category-amatustra","category-event","category-hochzeit","category-intern","category-menschen"],"yoast_head":"<!-- This site is optimized with the Yoast SEO plugin v26.6 - https:\/\/yoast.com\/wordpress\/plugins\/seo\/ -->\n<title>Available Light - amatustra fotografie |&nbsp;Hochzeitsfotografen &bull;&nbsp;Hochzeitsfilm &bull; Schwangerschaft-, Baby-, Kinder-, Familienfotos &bull;&nbsp;Event- und gewerbliche Fotografie<\/title>\n<meta name=\"robots\" content=\"index, follow, max-snippet:-1, max-image-preview:large, max-video-preview:-1\" \/>\n<link rel=\"canonical\" href=\"http:\/\/www.amatustra.de\/fotografie\/available-light\/\" \/>\n<meta property=\"og:locale\" content=\"de_DE\" \/>\n<meta property=\"og:type\" content=\"article\" \/>\n<meta property=\"og:title\" content=\"Available Light - amatustra fotografie |&nbsp;Hochzeitsfotografen &bull;&nbsp;Hochzeitsfilm &bull; Schwangerschaft-, Baby-, Kinder-, Familienfotos &bull;&nbsp;Event- und gewerbliche Fotografie\" \/>\n<meta property=\"og:description\" content=\"Atmosph\u00e4re entsteht auf Fotos durch die Perspektive, den Umgang mit der (Tiefen-)Sch\u00e4rfe und der (erzeugten) Lichtstimmung. Ist die Lichtgestaltung ein flankierendes Element, darf sie bei der fotografischen Darstellung nicht vernachl\u00e4ssigt werden. Bei Momentaufnahmen eines Events hat das vorherrschende Licht zudem eine relevante Gr\u00f6\u00dfe, denn es verleiht dem Ereignis die Stimmung. Anke und ich nutzen sehr [&hellip;]\" \/>\n<meta property=\"og:url\" content=\"http:\/\/www.amatustra.de\/fotografie\/available-light\/\" \/>\n<meta property=\"og:site_name\" content=\"amatustra fotografie |&nbsp;Hochzeitsfotografen &bull;&nbsp;Hochzeitsfilm &bull; Schwangerschaft-, Baby-, Kinder-, Familienfotos &bull;&nbsp;Event- und gewerbliche Fotografie\" \/>\n<meta property=\"article:publisher\" content=\"https:\/\/www.facebook.com\/amatustra\" \/>\n<meta property=\"article:published_time\" content=\"2015-07-23T08:00:00+00:00\" \/>\n<meta property=\"article:modified_time\" content=\"2015-07-23T08:20:02+00:00\" \/>\n<meta property=\"og:image\" content=\"http:\/\/www.amatustra.de\/fotografie\/wp-content\/uploads\/blog_AmbientLigh_03_amatustra.jpg\" \/>\n\t<meta property=\"og:image:width\" content=\"400\" \/>\n\t<meta property=\"og:image:height\" content=\"266\" \/>\n\t<meta property=\"og:image:type\" content=\"image\/jpeg\" \/>\n<meta name=\"author\" content=\"agency22\" \/>\n<meta name=\"twitter:card\" content=\"summary_large_image\" \/>\n<meta name=\"twitter:label1\" content=\"Verfasst von\" \/>\n\t<meta name=\"twitter:data1\" content=\"agency22\" \/>\n\t<meta name=\"twitter:label2\" content=\"Gesch\u00e4tzte Lesezeit\" \/>\n\t<meta name=\"twitter:data2\" content=\"1\u00a0Minute\" \/>\n<script type=\"application\/ld+json\" class=\"yoast-schema-graph\">{\"@context\":\"https:\/\/schema.org\",\"@graph\":[{\"@type\":\"Article\",\"@id\":\"http:\/\/www.amatustra.de\/fotografie\/available-light\/#article\",\"isPartOf\":{\"@id\":\"http:\/\/www.amatustra.de\/fotografie\/available-light\/\"},\"author\":{\"name\":\"agency22\",\"@id\":\"http:\/\/www.amatustra.de\/fotografie\/#\/schema\/person\/2adeda2562554bb428a117c8357ec38d\"},\"headline\":\"Available Light\",\"datePublished\":\"2015-07-23T08:00:00+00:00\",\"dateModified\":\"2015-07-23T08:20:02+00:00\",\"mainEntityOfPage\":{\"@id\":\"http:\/\/www.amatustra.de\/fotografie\/available-light\/\"},\"wordCount\":140,\"publisher\":{\"@id\":\"http:\/\/www.amatustra.de\/fotografie\/#organization\"},\"image\":{\"@id\":\"http:\/\/www.amatustra.de\/fotografie\/available-light\/#primaryimage\"},\"thumbnailUrl\":\"http:\/\/www.amatustra.de\/fotografie\/wp-content\/uploads\/blog_AmbientLigh_03_amatustra.jpg\",\"articleSection\":[\"amatustra\",\"Event\",\"Hochzeit\",\"intern\",\"Menschen\"],\"inLanguage\":\"de\"},{\"@type\":\"WebPage\",\"@id\":\"http:\/\/www.amatustra.de\/fotografie\/available-light\/\",\"url\":\"http:\/\/www.amatustra.de\/fotografie\/available-light\/\",\"name\":\"Available Light - amatustra fotografie |&nbsp;Hochzeitsfotografen &bull;&nbsp;Hochzeitsfilm &bull; Schwangerschaft-, Baby-, Kinder-, Familienfotos &bull;&nbsp;Event- und gewerbliche Fotografie\",\"isPartOf\":{\"@id\":\"http:\/\/www.amatustra.de\/fotografie\/#website\"},\"primaryImageOfPage\":{\"@id\":\"http:\/\/www.amatustra.de\/fotografie\/available-light\/#primaryimage\"},\"image\":{\"@id\":\"http:\/\/www.amatustra.de\/fotografie\/available-light\/#primaryimage\"},\"thumbnailUrl\":\"http:\/\/www.amatustra.de\/fotografie\/wp-content\/uploads\/blog_AmbientLigh_03_amatustra.jpg\",\"datePublished\":\"2015-07-23T08:00:00+00:00\",\"dateModified\":\"2015-07-23T08:20:02+00:00\",\"breadcrumb\":{\"@id\":\"http:\/\/www.amatustra.de\/fotografie\/available-light\/#breadcrumb\"},\"inLanguage\":\"de\",\"potentialAction\":[{\"@type\":\"ReadAction\",\"target\":[\"http:\/\/www.amatustra.de\/fotografie\/available-light\/\"]}]},{\"@type\":\"ImageObject\",\"inLanguage\":\"de\",\"@id\":\"http:\/\/www.amatustra.de\/fotografie\/available-light\/#primaryimage\",\"url\":\"http:\/\/www.amatustra.de\/fotografie\/wp-content\/uploads\/blog_AmbientLigh_03_amatustra.jpg\",\"contentUrl\":\"http:\/\/www.amatustra.de\/fotografie\/wp-content\/uploads\/blog_AmbientLigh_03_amatustra.jpg\",\"width\":400,\"height\":266,\"caption\":\"ALT=\u201cEvent-Fotografie \u201c\"},{\"@type\":\"BreadcrumbList\",\"@id\":\"http:\/\/www.amatustra.de\/fotografie\/available-light\/#breadcrumb\",\"itemListElement\":[{\"@type\":\"ListItem\",\"position\":1,\"name\":\"Startseite\",\"item\":\"http:\/\/www.amatustra.de\/fotografie\/\"},{\"@type\":\"ListItem\",\"position\":2,\"name\":\"Available Light\"}]},{\"@type\":\"WebSite\",\"@id\":\"http:\/\/www.amatustra.de\/fotografie\/#website\",\"url\":\"http:\/\/www.amatustra.de\/fotografie\/\",\"name\":\"amatustra fotografie |&nbsp;Hochzeitsfotografen &bull;&nbsp;Hochzeitsfilm &bull; Schwangerschaft-, Baby-, Kinder-, Familienfotos &bull;&nbsp;Event- und gewerbliche Fotografie\",\"description\":\"\",\"publisher\":{\"@id\":\"http:\/\/www.amatustra.de\/fotografie\/#organization\"},\"potentialAction\":[{\"@type\":\"SearchAction\",\"target\":{\"@type\":\"EntryPoint\",\"urlTemplate\":\"http:\/\/www.amatustra.de\/fotografie\/?s={search_term_string}\"},\"query-input\":{\"@type\":\"PropertyValueSpecification\",\"valueRequired\":true,\"valueName\":\"search_term_string\"}}],\"inLanguage\":\"de\"},{\"@type\":\"Organization\",\"@id\":\"http:\/\/www.amatustra.de\/fotografie\/#organization\",\"name\":\"amatustra - strickroth & fiege fotografie\",\"url\":\"http:\/\/www.amatustra.de\/fotografie\/\",\"logo\":{\"@type\":\"ImageObject\",\"inLanguage\":\"de\",\"@id\":\"http:\/\/www.amatustra.de\/fotografie\/#\/schema\/logo\/image\/\",\"url\":\"http:\/\/www.amatustra.de\/fotografie\/wp-content\/uploads\/amatustra_fotografie_Logo__black_1338x412px.png\",\"contentUrl\":\"http:\/\/www.amatustra.de\/fotografie\/wp-content\/uploads\/amatustra_fotografie_Logo__black_1338x412px.png\",\"width\":1338,\"height\":412,\"caption\":\"amatustra - strickroth & fiege fotografie\"},\"image\":{\"@id\":\"http:\/\/www.amatustra.de\/fotografie\/#\/schema\/logo\/image\/\"},\"sameAs\":[\"https:\/\/www.facebook.com\/amatustra\",\"https:\/\/de.pinterest.com\/amatustra\/\",\"https:\/\/www.youtube.com\/user\/agency22\"]},{\"@type\":\"Person\",\"@id\":\"http:\/\/www.amatustra.de\/fotografie\/#\/schema\/person\/2adeda2562554bb428a117c8357ec38d\",\"name\":\"agency22\",\"image\":{\"@type\":\"ImageObject\",\"inLanguage\":\"de\",\"@id\":\"http:\/\/www.amatustra.de\/fotografie\/#\/schema\/person\/image\/\",\"url\":\"https:\/\/secure.gravatar.com\/avatar\/a9a1da0268388b67017ef78e6215458cfa21854fedab5b428682b8a2810d9944?s=96&d=mm&r=g\",\"contentUrl\":\"https:\/\/secure.gravatar.com\/avatar\/a9a1da0268388b67017ef78e6215458cfa21854fedab5b428682b8a2810d9944?s=96&d=mm&r=g\",\"caption\":\"agency22\"},\"description\":\"Lifestylephotography Hochzeitfotografie, PR- &amp; Eventfotografie, Schwangerschaftfotografie, Baby-, Kinder- &amp; Familienfotografie, Portrait- &amp; Fashion-Fotografie\"}]}<\/script>\n<!-- \/ Yoast SEO plugin. -->","yoast_head_json":{"title":"Available Light - amatustra fotografie |&nbsp;Hochzeitsfotografen &bull;&nbsp;Hochzeitsfilm &bull; Schwangerschaft-, Baby-, Kinder-, Familienfotos &bull;&nbsp;Event- und gewerbliche Fotografie","robots":{"index":"index","follow":"follow","max-snippet":"max-snippet:-1","max-image-preview":"max-image-preview:large","max-video-preview":"max-video-preview:-1"},"canonical":"http:\/\/www.amatustra.de\/fotografie\/available-light\/","og_locale":"de_DE","og_type":"article","og_title":"Available Light - amatustra fotografie |&nbsp;Hochzeitsfotografen &bull;&nbsp;Hochzeitsfilm &bull; Schwangerschaft-, Baby-, Kinder-, Familienfotos &bull;&nbsp;Event- und gewerbliche Fotografie","og_description":"Atmosph\u00e4re entsteht auf Fotos durch die Perspektive, den Umgang mit der (Tiefen-)Sch\u00e4rfe und der (erzeugten) Lichtstimmung. Ist die Lichtgestaltung ein flankierendes Element, darf sie bei der fotografischen Darstellung nicht vernachl\u00e4ssigt werden. Bei Momentaufnahmen eines Events hat das vorherrschende Licht zudem eine relevante Gr\u00f6\u00dfe, denn es verleiht dem Ereignis die Stimmung. Anke und ich nutzen sehr [&hellip;]","og_url":"http:\/\/www.amatustra.de\/fotografie\/available-light\/","og_site_name":"amatustra fotografie |&nbsp;Hochzeitsfotografen &bull;&nbsp;Hochzeitsfilm &bull; Schwangerschaft-, Baby-, Kinder-, Familienfotos &bull;&nbsp;Event- und gewerbliche Fotografie","article_publisher":"https:\/\/www.facebook.com\/amatustra","article_published_time":"2015-07-23T08:00:00+00:00","article_modified_time":"2015-07-23T08:20:02+00:00","og_image":[{"width":400,"height":266,"url":"http:\/\/www.amatustra.de\/fotografie\/wp-content\/uploads\/blog_AmbientLigh_03_amatustra.jpg","type":"image\/jpeg"}],"author":"agency22","twitter_card":"summary_large_image","twitter_misc":{"Verfasst von":"agency22","Gesch\u00e4tzte Lesezeit":"1\u00a0Minute"},"schema":{"@context":"https:\/\/schema.org","@graph":[{"@type":"Article","@id":"http:\/\/www.amatustra.de\/fotografie\/available-light\/#article","isPartOf":{"@id":"http:\/\/www.amatustra.de\/fotografie\/available-light\/"},"author":{"name":"agency22","@id":"http:\/\/www.amatustra.de\/fotografie\/#\/schema\/person\/2adeda2562554bb428a117c8357ec38d"},"headline":"Available Light","datePublished":"2015-07-23T08:00:00+00:00","dateModified":"2015-07-23T08:20:02+00:00","mainEntityOfPage":{"@id":"http:\/\/www.amatustra.de\/fotografie\/available-light\/"},"wordCount":140,"publisher":{"@id":"http:\/\/www.amatustra.de\/fotografie\/#organization"},"image":{"@id":"http:\/\/www.amatustra.de\/fotografie\/available-light\/#primaryimage"},"thumbnailUrl":"http:\/\/www.amatustra.de\/fotografie\/wp-content\/uploads\/blog_AmbientLigh_03_amatustra.jpg","articleSection":["amatustra","Event","Hochzeit","intern","Menschen"],"inLanguage":"de"},{"@type":"WebPage","@id":"http:\/\/www.amatustra.de\/fotografie\/available-light\/","url":"http:\/\/www.amatustra.de\/fotografie\/available-light\/","name":"Available Light - amatustra fotografie |&nbsp;Hochzeitsfotografen &bull;&nbsp;Hochzeitsfilm &bull; Schwangerschaft-, Baby-, Kinder-, Familienfotos &bull;&nbsp;Event- und gewerbliche Fotografie","isPartOf":{"@id":"http:\/\/www.amatustra.de\/fotografie\/#website"},"primaryImageOfPage":{"@id":"http:\/\/www.amatustra.de\/fotografie\/available-light\/#primaryimage"},"image":{"@id":"http:\/\/www.amatustra.de\/fotografie\/available-light\/#primaryimage"},"thumbnailUrl":"http:\/\/www.amatustra.de\/fotografie\/wp-content\/uploads\/blog_AmbientLigh_03_amatustra.jpg","datePublished":"2015-07-23T08:00:00+00:00","dateModified":"2015-07-23T08:20:02+00:00","breadcrumb":{"@id":"http:\/\/www.amatustra.de\/fotografie\/available-light\/#breadcrumb"},"inLanguage":"de","potentialAction":[{"@type":"ReadAction","target":["http:\/\/www.amatustra.de\/fotografie\/available-light\/"]}]},{"@type":"ImageObject","inLanguage":"de","@id":"http:\/\/www.amatustra.de\/fotografie\/available-light\/#primaryimage","url":"http:\/\/www.amatustra.de\/fotografie\/wp-content\/uploads\/blog_AmbientLigh_03_amatustra.jpg","contentUrl":"http:\/\/www.amatustra.de\/fotografie\/wp-content\/uploads\/blog_AmbientLigh_03_amatustra.jpg","width":400,"height":266,"caption":"ALT=\u201cEvent-Fotografie \u201c"},{"@type":"BreadcrumbList","@id":"http:\/\/www.amatustra.de\/fotografie\/available-light\/#breadcrumb","itemListElement":[{"@type":"ListItem","position":1,"name":"Startseite","item":"http:\/\/www.amatustra.de\/fotografie\/"},{"@type":"ListItem","position":2,"name":"Available Light"}]},{"@type":"WebSite","@id":"http:\/\/www.amatustra.de\/fotografie\/#website","url":"http:\/\/www.amatustra.de\/fotografie\/","name":"amatustra fotografie |&nbsp;Hochzeitsfotografen &bull;&nbsp;Hochzeitsfilm &bull; Schwangerschaft-, Baby-, Kinder-, Familienfotos &bull;&nbsp;Event- und gewerbliche Fotografie","description":"","publisher":{"@id":"http:\/\/www.amatustra.de\/fotografie\/#organization"},"potentialAction":[{"@type":"SearchAction","target":{"@type":"EntryPoint","urlTemplate":"http:\/\/www.amatustra.de\/fotografie\/?s={search_term_string}"},"query-input":{"@type":"PropertyValueSpecification","valueRequired":true,"valueName":"search_term_string"}}],"inLanguage":"de"},{"@type":"Organization","@id":"http:\/\/www.amatustra.de\/fotografie\/#organization","name":"amatustra - strickroth & fiege fotografie","url":"http:\/\/www.amatustra.de\/fotografie\/","logo":{"@type":"ImageObject","inLanguage":"de","@id":"http:\/\/www.amatustra.de\/fotografie\/#\/schema\/logo\/image\/","url":"http:\/\/www.amatustra.de\/fotografie\/wp-content\/uploads\/amatustra_fotografie_Logo__black_1338x412px.png","contentUrl":"http:\/\/www.amatustra.de\/fotografie\/wp-content\/uploads\/amatustra_fotografie_Logo__black_1338x412px.png","width":1338,"height":412,"caption":"amatustra - strickroth & fiege fotografie"},"image":{"@id":"http:\/\/www.amatustra.de\/fotografie\/#\/schema\/logo\/image\/"},"sameAs":["https:\/\/www.facebook.com\/amatustra","https:\/\/de.pinterest.com\/amatustra\/","https:\/\/www.youtube.com\/user\/agency22"]},{"@type":"Person","@id":"http:\/\/www.amatustra.de\/fotografie\/#\/schema\/person\/2adeda2562554bb428a117c8357ec38d","name":"agency22","image":{"@type":"ImageObject","inLanguage":"de","@id":"http:\/\/www.amatustra.de\/fotografie\/#\/schema\/person\/image\/","url":"https:\/\/secure.gravatar.com\/avatar\/a9a1da0268388b67017ef78e6215458cfa21854fedab5b428682b8a2810d9944?s=96&d=mm&r=g","contentUrl":"https:\/\/secure.gravatar.com\/avatar\/a9a1da0268388b67017ef78e6215458cfa21854fedab5b428682b8a2810d9944?s=96&d=mm&r=g","caption":"agency22"},"description":"Lifestylephotography Hochzeitfotografie, PR- &amp; Eventfotografie, Schwangerschaftfotografie, Baby-, Kinder- &amp; Familienfotografie, Portrait- &amp; Fashion-Fotografie"}]}},"_links":{"self":[{"href":"http:\/\/www.amatustra.de\/fotografie\/wp-json\/wp\/v2\/posts\/2761","targetHints":{"allow":["GET"]}}],"collection":[{"href":"http:\/\/www.amatustra.de\/fotografie\/wp-json\/wp\/v2\/posts"}],"about":[{"href":"http:\/\/www.amatustra.de\/fotografie\/wp-json\/wp\/v2\/types\/post"}],"author":[{"embeddable":true,"href":"http:\/\/www.amatustra.de\/fotografie\/wp-json\/wp\/v2\/users\/1"}],"replies":[{"embeddable":true,"href":"http:\/\/www.amatustra.de\/fotografie\/wp-json\/wp\/v2\/comments?post=2761"}],"version-history":[{"count":8,"href":"http:\/\/www.amatustra.de\/fotografie\/wp-json\/wp\/v2\/posts\/2761\/revisions"}],"predecessor-version":[{"id":2778,"href":"http:\/\/www.amatustra.de\/fotografie\/wp-json\/wp\/v2\/posts\/2761\/revisions\/2778"}],"wp:featuredmedia":[{"embeddable":true,"href":"http:\/\/www.amatustra.de\/fotografie\/wp-json\/wp\/v2\/media\/2765"}],"wp:attachment":[{"href":"http:\/\/www.amatustra.de\/fotografie\/wp-json\/wp\/v2\/media?parent=2761"}],"wp:term":[{"taxonomy":"category","embeddable":true,"href":"http:\/\/www.amatustra.de\/fotografie\/wp-json\/wp\/v2\/categories?post=2761"},{"taxonomy":"post_tag","embeddable":true,"href":"http:\/\/www.amatustra.de\/fotografie\/wp-json\/wp\/v2\/tags?post=2761"}],"curies":[{"name":"wp","href":"https:\/\/api.w.org\/{rel}","templated":true}]}}