{"id":2710,"date":"2015-06-09T10:41:52","date_gmt":"2015-06-09T08:41:52","guid":{"rendered":"http:\/\/amatustra.de\/?p=2710"},"modified":"2017-01-12T13:15:34","modified_gmt":"2017-01-12T12:15:34","slug":"33-grad-auf-wolke-7_hochzeitsfotos_marburg_michelbach_dammuehle","status":"publish","type":"post","link":"http:\/\/www.amatustra.de\/fotografie\/33-grad-auf-wolke-7_hochzeitsfotos_marburg_michelbach_dammuehle\/","title":{"rendered":"33 Grad auf Wolke 7"},"content":{"rendered":"<p>Als wir am 5. Juni gegen 13.15 Uhr vor der Kirche in Michelbach bei Marburg vorfuhren strahlte die Sonne an einem wolkenfreien Himmel. Der Br\u00e4utigam schmiegte sich mit einem der drei Trauzeugen an eine k\u00fchle Hauswand, die einen schmalen Schatten spendete.<br \/>\nDoch auch hier herrschten 33 Grad.<\/p>\n<p>W\u00e4hrend Anke die Braut in der Wohnung beim Ankleiden fotografierte, trudelten vor der Kirche die beiden anderen Trauzeugen und die ersten G\u00e4ste ein.<br \/>\nDie \u00d6ffnung der Kirche brachte wahrlich Erl\u00f6sung. Angenehm k\u00fchl war es in ihrem Inneren.<\/p>\n<p>W\u00e4hrend der letzen Vorbereitungen in der Kirche <a href=\"https:\/\/lookup-phone-prefix.ca\">Cell Phone Number Trace<\/a> , konnte ich das leichte Bauchkribbeln beim Br\u00e4utigam oder den Trauzeugen mit den Ringen fotografieren. Wunderbare Erinnerungen &#8230;<\/p>\n<p>F\u00fcr uns hat jede Hochzeit etwas Magisches. \u2028Wir d\u00fcrften an diesem Sommertag bis in die Nacht das Fest und seine G\u00e4ste begleiten.<\/p>\n<p>Und als wir gegen Mitternacht die Kameras im Auto verstaut hatten und im Hof der Damm\u00fchle sa\u00dfen, tranken wir ein k\u00fchles Getr\u00e4nk \u2013 bei mittlerweile 22 Grad \u2013 und wu\u00dften, dass wir einen der sch\u00f6nsten &#8222;Jobs&#8220; auf dieser Welt haben.<\/p>\n<p>Melissa &amp; Toni, wir w\u00fcnschen Euch viel Gl\u00fcck und immerw\u00e4hrende Liebe.<br \/>\nEs war ein wunderbarer Tag!<br \/>\nHerzlichen Dank an Euch beide und all die strahlenden G\u00e4ste.<\/p>\n<p>&nbsp;<\/p>\n<p><img loading=\"lazy\" decoding=\"async\" class=\"alignnone size-full wp-image-2711\" style=\"border: 1px solid white;\" src=\"http:\/\/amatustra.de\/fotografie\/wp-content\/uploads\/blog_33-Grad_150605_790B.jpg\" alt=\"blog_33-Grad_150605_790B\" width=\"790\" height=\"526\" data-id=\"2711\" srcset=\"http:\/\/www.amatustra.de\/fotografie\/wp-content\/uploads\/blog_33-Grad_150605_790B.jpg 790w, http:\/\/www.amatustra.de\/fotografie\/wp-content\/uploads\/blog_33-Grad_150605_790B-257x171.jpg 257w\" sizes=\"auto, (max-width: 790px) 100vw, 790px\" \/> <a href=\"https:\/\/www.puttygen.net\/\">putty download<\/a> <\/p>\n","protected":false},"excerpt":{"rendered":"<p>Als wir am 5. Juni gegen 13.15 Uhr vor der Kirche in Michelbach bei Marburg vorfuhren strahlte die Sonne an einem wolkenfreien Himmel. Der Br\u00e4utigam schmiegte sich mit einem der drei Trauzeugen an eine k\u00fchle Hauswand, die einen schmalen Schatten spendete. Doch auch hier herrschten 33 Grad. W\u00e4hrend Anke die Braut in der Wohnung beim [&hellip;]<\/p>\n","protected":false},"author":1,"featured_media":2711,"comment_status":"closed","ping_status":"closed","sticky":false,"template":"","format":"standard","meta":{"footnotes":""},"categories":[12,8],"tags":[42],"class_list":["post-2710","post","type-post","status-publish","format-standard","has-post-thumbnail","hentry","category-amatustra","category-hochzeit","tag-hochzeit"],"yoast_head":"<!-- This site is optimized with the Yoast SEO plugin v26.6 - https:\/\/yoast.com\/wordpress\/plugins\/seo\/ -->\n<title>33 Grad auf Wolke 7 - amatustra fotografie |&nbsp;Hochzeitsfotografen &bull;&nbsp;Hochzeitsfilm &bull; Schwangerschaft-, Baby-, Kinder-, Familienfotos &bull;&nbsp;Event- und gewerbliche Fotografie<\/title>\n<meta name=\"robots\" content=\"index, follow, max-snippet:-1, max-image-preview:large, max-video-preview:-1\" \/>\n<link rel=\"canonical\" href=\"http:\/\/www.amatustra.de\/fotografie\/33-grad-auf-wolke-7_hochzeitsfotos_marburg_michelbach_dammuehle\/\" \/>\n<meta property=\"og:locale\" content=\"de_DE\" \/>\n<meta property=\"og:type\" content=\"article\" \/>\n<meta property=\"og:title\" content=\"33 Grad auf Wolke 7 - amatustra fotografie |&nbsp;Hochzeitsfotografen &bull;&nbsp;Hochzeitsfilm &bull; Schwangerschaft-, Baby-, Kinder-, Familienfotos &bull;&nbsp;Event- und gewerbliche Fotografie\" \/>\n<meta property=\"og:description\" content=\"Als wir am 5. Juni gegen 13.15 Uhr vor der Kirche in Michelbach bei Marburg vorfuhren strahlte die Sonne an einem wolkenfreien Himmel. Der Br\u00e4utigam schmiegte sich mit einem der drei Trauzeugen an eine k\u00fchle Hauswand, die einen schmalen Schatten spendete. Doch auch hier herrschten 33 Grad. W\u00e4hrend Anke die Braut in der Wohnung beim [&hellip;]\" \/>\n<meta property=\"og:url\" content=\"http:\/\/www.amatustra.de\/fotografie\/33-grad-auf-wolke-7_hochzeitsfotos_marburg_michelbach_dammuehle\/\" \/>\n<meta property=\"og:site_name\" content=\"amatustra fotografie |&nbsp;Hochzeitsfotografen &bull;&nbsp;Hochzeitsfilm &bull; Schwangerschaft-, Baby-, Kinder-, Familienfotos &bull;&nbsp;Event- und gewerbliche Fotografie\" \/>\n<meta property=\"article:publisher\" content=\"https:\/\/www.facebook.com\/amatustra\" \/>\n<meta property=\"article:published_time\" content=\"2015-06-09T08:41:52+00:00\" \/>\n<meta property=\"article:modified_time\" content=\"2017-01-12T12:15:34+00:00\" \/>\n<meta property=\"og:image\" content=\"http:\/\/www.amatustra.de\/fotografie\/wp-content\/uploads\/blog_33-Grad_150605_790B.jpg\" \/>\n\t<meta property=\"og:image:width\" content=\"790\" \/>\n\t<meta property=\"og:image:height\" content=\"526\" \/>\n\t<meta property=\"og:image:type\" content=\"image\/jpeg\" \/>\n<meta name=\"author\" content=\"agency22\" \/>\n<meta name=\"twitter:card\" content=\"summary_large_image\" \/>\n<meta name=\"twitter:label1\" content=\"Verfasst von\" \/>\n\t<meta name=\"twitter:data1\" content=\"agency22\" \/>\n\t<meta name=\"twitter:label2\" content=\"Gesch\u00e4tzte Lesezeit\" \/>\n\t<meta name=\"twitter:data2\" content=\"1\u00a0Minute\" \/>\n<script type=\"application\/ld+json\" class=\"yoast-schema-graph\">{\"@context\":\"https:\/\/schema.org\",\"@graph\":[{\"@type\":\"Article\",\"@id\":\"http:\/\/www.amatustra.de\/fotografie\/33-grad-auf-wolke-7_hochzeitsfotos_marburg_michelbach_dammuehle\/#article\",\"isPartOf\":{\"@id\":\"http:\/\/www.amatustra.de\/fotografie\/33-grad-auf-wolke-7_hochzeitsfotos_marburg_michelbach_dammuehle\/\"},\"author\":{\"name\":\"agency22\",\"@id\":\"http:\/\/www.amatustra.de\/fotografie\/#\/schema\/person\/2adeda2562554bb428a117c8357ec38d\"},\"headline\":\"33 Grad auf Wolke 7\",\"datePublished\":\"2015-06-09T08:41:52+00:00\",\"dateModified\":\"2017-01-12T12:15:34+00:00\",\"mainEntityOfPage\":{\"@id\":\"http:\/\/www.amatustra.de\/fotografie\/33-grad-auf-wolke-7_hochzeitsfotos_marburg_michelbach_dammuehle\/\"},\"wordCount\":220,\"publisher\":{\"@id\":\"http:\/\/www.amatustra.de\/fotografie\/#organization\"},\"image\":{\"@id\":\"http:\/\/www.amatustra.de\/fotografie\/33-grad-auf-wolke-7_hochzeitsfotos_marburg_michelbach_dammuehle\/#primaryimage\"},\"thumbnailUrl\":\"http:\/\/www.amatustra.de\/fotografie\/wp-content\/uploads\/blog_33-Grad_150605_790B.jpg\",\"keywords\":[\"Hochzeit\"],\"articleSection\":[\"amatustra\",\"Hochzeit\"],\"inLanguage\":\"de\"},{\"@type\":\"WebPage\",\"@id\":\"http:\/\/www.amatustra.de\/fotografie\/33-grad-auf-wolke-7_hochzeitsfotos_marburg_michelbach_dammuehle\/\",\"url\":\"http:\/\/www.amatustra.de\/fotografie\/33-grad-auf-wolke-7_hochzeitsfotos_marburg_michelbach_dammuehle\/\",\"name\":\"33 Grad auf Wolke 7 - amatustra fotografie |&nbsp;Hochzeitsfotografen &bull;&nbsp;Hochzeitsfilm &bull; Schwangerschaft-, Baby-, Kinder-, Familienfotos &bull;&nbsp;Event- und gewerbliche Fotografie\",\"isPartOf\":{\"@id\":\"http:\/\/www.amatustra.de\/fotografie\/#website\"},\"primaryImageOfPage\":{\"@id\":\"http:\/\/www.amatustra.de\/fotografie\/33-grad-auf-wolke-7_hochzeitsfotos_marburg_michelbach_dammuehle\/#primaryimage\"},\"image\":{\"@id\":\"http:\/\/www.amatustra.de\/fotografie\/33-grad-auf-wolke-7_hochzeitsfotos_marburg_michelbach_dammuehle\/#primaryimage\"},\"thumbnailUrl\":\"http:\/\/www.amatustra.de\/fotografie\/wp-content\/uploads\/blog_33-Grad_150605_790B.jpg\",\"datePublished\":\"2015-06-09T08:41:52+00:00\",\"dateModified\":\"2017-01-12T12:15:34+00:00\",\"breadcrumb\":{\"@id\":\"http:\/\/www.amatustra.de\/fotografie\/33-grad-auf-wolke-7_hochzeitsfotos_marburg_michelbach_dammuehle\/#breadcrumb\"},\"inLanguage\":\"de\",\"potentialAction\":[{\"@type\":\"ReadAction\",\"target\":[\"http:\/\/www.amatustra.de\/fotografie\/33-grad-auf-wolke-7_hochzeitsfotos_marburg_michelbach_dammuehle\/\"]}]},{\"@type\":\"ImageObject\",\"inLanguage\":\"de\",\"@id\":\"http:\/\/www.amatustra.de\/fotografie\/33-grad-auf-wolke-7_hochzeitsfotos_marburg_michelbach_dammuehle\/#primaryimage\",\"url\":\"http:\/\/www.amatustra.de\/fotografie\/wp-content\/uploads\/blog_33-Grad_150605_790B.jpg\",\"contentUrl\":\"http:\/\/www.amatustra.de\/fotografie\/wp-content\/uploads\/blog_33-Grad_150605_790B.jpg\",\"width\":790,\"height\":526,\"caption\":\"ALT=\u201camatustra-blog \u201c\"},{\"@type\":\"BreadcrumbList\",\"@id\":\"http:\/\/www.amatustra.de\/fotografie\/33-grad-auf-wolke-7_hochzeitsfotos_marburg_michelbach_dammuehle\/#breadcrumb\",\"itemListElement\":[{\"@type\":\"ListItem\",\"position\":1,\"name\":\"Startseite\",\"item\":\"http:\/\/www.amatustra.de\/fotografie\/\"},{\"@type\":\"ListItem\",\"position\":2,\"name\":\"33 Grad auf Wolke 7\"}]},{\"@type\":\"WebSite\",\"@id\":\"http:\/\/www.amatustra.de\/fotografie\/#website\",\"url\":\"http:\/\/www.amatustra.de\/fotografie\/\",\"name\":\"amatustra fotografie |&nbsp;Hochzeitsfotografen &bull;&nbsp;Hochzeitsfilm &bull; Schwangerschaft-, Baby-, Kinder-, Familienfotos &bull;&nbsp;Event- und gewerbliche Fotografie\",\"description\":\"\",\"publisher\":{\"@id\":\"http:\/\/www.amatustra.de\/fotografie\/#organization\"},\"potentialAction\":[{\"@type\":\"SearchAction\",\"target\":{\"@type\":\"EntryPoint\",\"urlTemplate\":\"http:\/\/www.amatustra.de\/fotografie\/?s={search_term_string}\"},\"query-input\":{\"@type\":\"PropertyValueSpecification\",\"valueRequired\":true,\"valueName\":\"search_term_string\"}}],\"inLanguage\":\"de\"},{\"@type\":\"Organization\",\"@id\":\"http:\/\/www.amatustra.de\/fotografie\/#organization\",\"name\":\"amatustra - strickroth & fiege fotografie\",\"url\":\"http:\/\/www.amatustra.de\/fotografie\/\",\"logo\":{\"@type\":\"ImageObject\",\"inLanguage\":\"de\",\"@id\":\"http:\/\/www.amatustra.de\/fotografie\/#\/schema\/logo\/image\/\",\"url\":\"http:\/\/www.amatustra.de\/fotografie\/wp-content\/uploads\/amatustra_fotografie_Logo__black_1338x412px.png\",\"contentUrl\":\"http:\/\/www.amatustra.de\/fotografie\/wp-content\/uploads\/amatustra_fotografie_Logo__black_1338x412px.png\",\"width\":1338,\"height\":412,\"caption\":\"amatustra - strickroth & fiege fotografie\"},\"image\":{\"@id\":\"http:\/\/www.amatustra.de\/fotografie\/#\/schema\/logo\/image\/\"},\"sameAs\":[\"https:\/\/www.facebook.com\/amatustra\",\"https:\/\/de.pinterest.com\/amatustra\/\",\"https:\/\/www.youtube.com\/user\/agency22\"]},{\"@type\":\"Person\",\"@id\":\"http:\/\/www.amatustra.de\/fotografie\/#\/schema\/person\/2adeda2562554bb428a117c8357ec38d\",\"name\":\"agency22\",\"image\":{\"@type\":\"ImageObject\",\"inLanguage\":\"de\",\"@id\":\"http:\/\/www.amatustra.de\/fotografie\/#\/schema\/person\/image\/\",\"url\":\"https:\/\/secure.gravatar.com\/avatar\/a9a1da0268388b67017ef78e6215458cfa21854fedab5b428682b8a2810d9944?s=96&d=mm&r=g\",\"contentUrl\":\"https:\/\/secure.gravatar.com\/avatar\/a9a1da0268388b67017ef78e6215458cfa21854fedab5b428682b8a2810d9944?s=96&d=mm&r=g\",\"caption\":\"agency22\"},\"description\":\"Lifestylephotography Hochzeitfotografie, PR- &amp; Eventfotografie, Schwangerschaftfotografie, Baby-, Kinder- &amp; Familienfotografie, Portrait- &amp; Fashion-Fotografie\"}]}<\/script>\n<!-- \/ Yoast SEO plugin. -->","yoast_head_json":{"title":"33 Grad auf Wolke 7 - amatustra fotografie |&nbsp;Hochzeitsfotografen &bull;&nbsp;Hochzeitsfilm &bull; Schwangerschaft-, Baby-, Kinder-, Familienfotos &bull;&nbsp;Event- und gewerbliche Fotografie","robots":{"index":"index","follow":"follow","max-snippet":"max-snippet:-1","max-image-preview":"max-image-preview:large","max-video-preview":"max-video-preview:-1"},"canonical":"http:\/\/www.amatustra.de\/fotografie\/33-grad-auf-wolke-7_hochzeitsfotos_marburg_michelbach_dammuehle\/","og_locale":"de_DE","og_type":"article","og_title":"33 Grad auf Wolke 7 - amatustra fotografie |&nbsp;Hochzeitsfotografen &bull;&nbsp;Hochzeitsfilm &bull; Schwangerschaft-, Baby-, Kinder-, Familienfotos &bull;&nbsp;Event- und gewerbliche Fotografie","og_description":"Als wir am 5. Juni gegen 13.15 Uhr vor der Kirche in Michelbach bei Marburg vorfuhren strahlte die Sonne an einem wolkenfreien Himmel. Der Br\u00e4utigam schmiegte sich mit einem der drei Trauzeugen an eine k\u00fchle Hauswand, die einen schmalen Schatten spendete. Doch auch hier herrschten 33 Grad. W\u00e4hrend Anke die Braut in der Wohnung beim [&hellip;]","og_url":"http:\/\/www.amatustra.de\/fotografie\/33-grad-auf-wolke-7_hochzeitsfotos_marburg_michelbach_dammuehle\/","og_site_name":"amatustra fotografie |&nbsp;Hochzeitsfotografen &bull;&nbsp;Hochzeitsfilm &bull; Schwangerschaft-, Baby-, Kinder-, Familienfotos &bull;&nbsp;Event- und gewerbliche Fotografie","article_publisher":"https:\/\/www.facebook.com\/amatustra","article_published_time":"2015-06-09T08:41:52+00:00","article_modified_time":"2017-01-12T12:15:34+00:00","og_image":[{"width":790,"height":526,"url":"http:\/\/www.amatustra.de\/fotografie\/wp-content\/uploads\/blog_33-Grad_150605_790B.jpg","type":"image\/jpeg"}],"author":"agency22","twitter_card":"summary_large_image","twitter_misc":{"Verfasst von":"agency22","Gesch\u00e4tzte Lesezeit":"1\u00a0Minute"},"schema":{"@context":"https:\/\/schema.org","@graph":[{"@type":"Article","@id":"http:\/\/www.amatustra.de\/fotografie\/33-grad-auf-wolke-7_hochzeitsfotos_marburg_michelbach_dammuehle\/#article","isPartOf":{"@id":"http:\/\/www.amatustra.de\/fotografie\/33-grad-auf-wolke-7_hochzeitsfotos_marburg_michelbach_dammuehle\/"},"author":{"name":"agency22","@id":"http:\/\/www.amatustra.de\/fotografie\/#\/schema\/person\/2adeda2562554bb428a117c8357ec38d"},"headline":"33 Grad auf Wolke 7","datePublished":"2015-06-09T08:41:52+00:00","dateModified":"2017-01-12T12:15:34+00:00","mainEntityOfPage":{"@id":"http:\/\/www.amatustra.de\/fotografie\/33-grad-auf-wolke-7_hochzeitsfotos_marburg_michelbach_dammuehle\/"},"wordCount":220,"publisher":{"@id":"http:\/\/www.amatustra.de\/fotografie\/#organization"},"image":{"@id":"http:\/\/www.amatustra.de\/fotografie\/33-grad-auf-wolke-7_hochzeitsfotos_marburg_michelbach_dammuehle\/#primaryimage"},"thumbnailUrl":"http:\/\/www.amatustra.de\/fotografie\/wp-content\/uploads\/blog_33-Grad_150605_790B.jpg","keywords":["Hochzeit"],"articleSection":["amatustra","Hochzeit"],"inLanguage":"de"},{"@type":"WebPage","@id":"http:\/\/www.amatustra.de\/fotografie\/33-grad-auf-wolke-7_hochzeitsfotos_marburg_michelbach_dammuehle\/","url":"http:\/\/www.amatustra.de\/fotografie\/33-grad-auf-wolke-7_hochzeitsfotos_marburg_michelbach_dammuehle\/","name":"33 Grad auf Wolke 7 - amatustra fotografie |&nbsp;Hochzeitsfotografen &bull;&nbsp;Hochzeitsfilm &bull; Schwangerschaft-, Baby-, Kinder-, Familienfotos &bull;&nbsp;Event- und gewerbliche Fotografie","isPartOf":{"@id":"http:\/\/www.amatustra.de\/fotografie\/#website"},"primaryImageOfPage":{"@id":"http:\/\/www.amatustra.de\/fotografie\/33-grad-auf-wolke-7_hochzeitsfotos_marburg_michelbach_dammuehle\/#primaryimage"},"image":{"@id":"http:\/\/www.amatustra.de\/fotografie\/33-grad-auf-wolke-7_hochzeitsfotos_marburg_michelbach_dammuehle\/#primaryimage"},"thumbnailUrl":"http:\/\/www.amatustra.de\/fotografie\/wp-content\/uploads\/blog_33-Grad_150605_790B.jpg","datePublished":"2015-06-09T08:41:52+00:00","dateModified":"2017-01-12T12:15:34+00:00","breadcrumb":{"@id":"http:\/\/www.amatustra.de\/fotografie\/33-grad-auf-wolke-7_hochzeitsfotos_marburg_michelbach_dammuehle\/#breadcrumb"},"inLanguage":"de","potentialAction":[{"@type":"ReadAction","target":["http:\/\/www.amatustra.de\/fotografie\/33-grad-auf-wolke-7_hochzeitsfotos_marburg_michelbach_dammuehle\/"]}]},{"@type":"ImageObject","inLanguage":"de","@id":"http:\/\/www.amatustra.de\/fotografie\/33-grad-auf-wolke-7_hochzeitsfotos_marburg_michelbach_dammuehle\/#primaryimage","url":"http:\/\/www.amatustra.de\/fotografie\/wp-content\/uploads\/blog_33-Grad_150605_790B.jpg","contentUrl":"http:\/\/www.amatustra.de\/fotografie\/wp-content\/uploads\/blog_33-Grad_150605_790B.jpg","width":790,"height":526,"caption":"ALT=\u201camatustra-blog \u201c"},{"@type":"BreadcrumbList","@id":"http:\/\/www.amatustra.de\/fotografie\/33-grad-auf-wolke-7_hochzeitsfotos_marburg_michelbach_dammuehle\/#breadcrumb","itemListElement":[{"@type":"ListItem","position":1,"name":"Startseite","item":"http:\/\/www.amatustra.de\/fotografie\/"},{"@type":"ListItem","position":2,"name":"33 Grad auf Wolke 7"}]},{"@type":"WebSite","@id":"http:\/\/www.amatustra.de\/fotografie\/#website","url":"http:\/\/www.amatustra.de\/fotografie\/","name":"amatustra fotografie |&nbsp;Hochzeitsfotografen &bull;&nbsp;Hochzeitsfilm &bull; Schwangerschaft-, Baby-, Kinder-, Familienfotos &bull;&nbsp;Event- und gewerbliche Fotografie","description":"","publisher":{"@id":"http:\/\/www.amatustra.de\/fotografie\/#organization"},"potentialAction":[{"@type":"SearchAction","target":{"@type":"EntryPoint","urlTemplate":"http:\/\/www.amatustra.de\/fotografie\/?s={search_term_string}"},"query-input":{"@type":"PropertyValueSpecification","valueRequired":true,"valueName":"search_term_string"}}],"inLanguage":"de"},{"@type":"Organization","@id":"http:\/\/www.amatustra.de\/fotografie\/#organization","name":"amatustra - strickroth & fiege fotografie","url":"http:\/\/www.amatustra.de\/fotografie\/","logo":{"@type":"ImageObject","inLanguage":"de","@id":"http:\/\/www.amatustra.de\/fotografie\/#\/schema\/logo\/image\/","url":"http:\/\/www.amatustra.de\/fotografie\/wp-content\/uploads\/amatustra_fotografie_Logo__black_1338x412px.png","contentUrl":"http:\/\/www.amatustra.de\/fotografie\/wp-content\/uploads\/amatustra_fotografie_Logo__black_1338x412px.png","width":1338,"height":412,"caption":"amatustra - strickroth & fiege fotografie"},"image":{"@id":"http:\/\/www.amatustra.de\/fotografie\/#\/schema\/logo\/image\/"},"sameAs":["https:\/\/www.facebook.com\/amatustra","https:\/\/de.pinterest.com\/amatustra\/","https:\/\/www.youtube.com\/user\/agency22"]},{"@type":"Person","@id":"http:\/\/www.amatustra.de\/fotografie\/#\/schema\/person\/2adeda2562554bb428a117c8357ec38d","name":"agency22","image":{"@type":"ImageObject","inLanguage":"de","@id":"http:\/\/www.amatustra.de\/fotografie\/#\/schema\/person\/image\/","url":"https:\/\/secure.gravatar.com\/avatar\/a9a1da0268388b67017ef78e6215458cfa21854fedab5b428682b8a2810d9944?s=96&d=mm&r=g","contentUrl":"https:\/\/secure.gravatar.com\/avatar\/a9a1da0268388b67017ef78e6215458cfa21854fedab5b428682b8a2810d9944?s=96&d=mm&r=g","caption":"agency22"},"description":"Lifestylephotography Hochzeitfotografie, PR- &amp; Eventfotografie, Schwangerschaftfotografie, Baby-, Kinder- &amp; Familienfotografie, Portrait- &amp; Fashion-Fotografie"}]}},"_links":{"self":[{"href":"http:\/\/www.amatustra.de\/fotografie\/wp-json\/wp\/v2\/posts\/2710","targetHints":{"allow":["GET"]}}],"collection":[{"href":"http:\/\/www.amatustra.de\/fotografie\/wp-json\/wp\/v2\/posts"}],"about":[{"href":"http:\/\/www.amatustra.de\/fotografie\/wp-json\/wp\/v2\/types\/post"}],"author":[{"embeddable":true,"href":"http:\/\/www.amatustra.de\/fotografie\/wp-json\/wp\/v2\/users\/1"}],"replies":[{"embeddable":true,"href":"http:\/\/www.amatustra.de\/fotografie\/wp-json\/wp\/v2\/comments?post=2710"}],"version-history":[{"count":3,"href":"http:\/\/www.amatustra.de\/fotografie\/wp-json\/wp\/v2\/posts\/2710\/revisions"}],"predecessor-version":[{"id":2714,"href":"http:\/\/www.amatustra.de\/fotografie\/wp-json\/wp\/v2\/posts\/2710\/revisions\/2714"}],"wp:featuredmedia":[{"embeddable":true,"href":"http:\/\/www.amatustra.de\/fotografie\/wp-json\/wp\/v2\/media\/2711"}],"wp:attachment":[{"href":"http:\/\/www.amatustra.de\/fotografie\/wp-json\/wp\/v2\/media?parent=2710"}],"wp:term":[{"taxonomy":"category","embeddable":true,"href":"http:\/\/www.amatustra.de\/fotografie\/wp-json\/wp\/v2\/categories?post=2710"},{"taxonomy":"post_tag","embeddable":true,"href":"http:\/\/www.amatustra.de\/fotografie\/wp-json\/wp\/v2\/tags?post=2710"}],"curies":[{"name":"wp","href":"https:\/\/api.w.org\/{rel}","templated":true}]}}